
{"id":8002,"date":"2026-09-02T19:10:32","date_gmt":"2026-09-02T17:10:32","guid":{"rendered":"https:\/\/www.ff-kirchberg-am-wechsel.at\/wordpress\/?p=8002"},"modified":"2026-09-02T19:13:53","modified_gmt":"2026-09-02T17:13:53","slug":"elementor-8002","status":"publish","type":"post","link":"https:\/\/www.ff-kirchberg-am-wechsel.at\/wordpress\/?p=8002","title":{"rendered":"Waldbrandeins\u00e4tze, August 2026"},"content":{"rendered":"\t\t<div data-elementor-type=\"wp-post\" data-elementor-id=\"8002\" class=\"elementor elementor-8002\">\n\t\t\t\t\t\t<section class=\"elementor-section elementor-top-section elementor-element elementor-element-ed26c87 elementor-section-boxed elementor-section-height-default elementor-section-height-default\" data-id=\"ed26c87\" data-element_type=\"section\" data-e-type=\"section\">\n\t\t\t\t\t\t<div class=\"elementor-container elementor-column-gap-default\">\n\t\t\t\t\t<div class=\"elementor-column elementor-col-100 elementor-top-column elementor-element elementor-element-6db2e4a\" data-id=\"6db2e4a\" data-element_type=\"column\" data-e-type=\"column\">\n\t\t\t<div class=\"elementor-widget-wrap elementor-element-populated\">\n\t\t\t\t\t\t<div class=\"elementor-element elementor-element-f4c7c7e elementor-widget elementor-widget-image-gallery\" data-id=\"f4c7c7e\" data-element_type=\"widget\" data-e-type=\"widget\" data-widget_type=\"image-gallery.default\">\n\t\t\t\t<div class=\"elementor-widget-container\">\n\t\t\t\t\t\t\t<div class=\"elementor-image-gallery\">\n\t\t\t\n\t\t<style>\n\t\t\t#gallery-1 {\n\t\t\t\tmargin: auto;\n\t\t\t}\n\t\t\t#gallery-1 .gallery-item {\n\t\t\t\tfloat: left;\n\t\t\t\tmargin-top: 10px;\n\t\t\t\ttext-align: center;\n\t\t\t\twidth: 25%;\n\t\t\t}\n\t\t\t#gallery-1 img {\n\t\t\t\tborder: 2px solid #cfcfcf;\n\t\t\t}\n\t\t\t#gallery-1 .gallery-caption {\n\t\t\t\tmargin-left: 0;\n\t\t\t}\n\t\t\t\/* see gallery_shortcode() in wp-includes\/media.php *\/\n\t\t<\/style>\n\t\t<div id='gallery-1' class='gallery galleryid-8002 gallery-columns-4 gallery-size-thumbnail'><dl class='gallery-item'>\n\t\t\t<dt class='gallery-icon landscape'>\n\t\t\t\t<a data-elementor-open-lightbox=\"yes\" data-elementor-lightbox-slideshow=\"f4c7c7e\" data-elementor-lightbox-title=\"waldbrand08-26_01\" data-e-action-hash=\"#elementor-action%3Aaction%3Dlightbox%26settings%3DeyJpZCI6ODAwNCwidXJsIjoiaHR0cDpcL1wvd3d3LmZmLWtpcmNoYmVyZy1hbS13ZWNoc2VsLmF0XC93b3JkcHJlc3NcL3dwLWNvbnRlbnRcL3VwbG9hZHNcLzIwMjZcLzA5XC93YWxkYnJhbmQwOC0yNl8wMS5qcGciLCJzbGlkZXNob3ciOiJmNGM3YzdlIn0%3D\" href='http:\/\/www.ff-kirchberg-am-wechsel.at\/wordpress\/wp-content\/uploads\/2026\/09\/waldbrand08-26_01-1024x1024.jpg' title=\"\" data-rl_title=\"\" class=\"rl-gallery-link\" data-rl_caption=\"\" data-rel=\"lightbox-gallery-1\"><img decoding=\"async\" width=\"150\" height=\"150\" src=\"http:\/\/www.ff-kirchberg-am-wechsel.at\/wordpress\/wp-content\/uploads\/2026\/09\/waldbrand08-26_01-150x150.jpg\" class=\"attachment-thumbnail size-thumbnail\" alt=\"Waldbr\u00e4nde August 2026\" srcset=\"http:\/\/www.ff-kirchberg-am-wechsel.at\/wordpress\/wp-content\/uploads\/2026\/09\/waldbrand08-26_01-150x150.jpg 150w, http:\/\/www.ff-kirchberg-am-wechsel.at\/wordpress\/wp-content\/uploads\/2026\/09\/waldbrand08-26_01-300x300.jpg 300w, http:\/\/www.ff-kirchberg-am-wechsel.at\/wordpress\/wp-content\/uploads\/2026\/09\/waldbrand08-26_01-1024x1024.jpg 1024w, http:\/\/www.ff-kirchberg-am-wechsel.at\/wordpress\/wp-content\/uploads\/2026\/09\/waldbrand08-26_01-768x768.jpg 768w, http:\/\/www.ff-kirchberg-am-wechsel.at\/wordpress\/wp-content\/uploads\/2026\/09\/waldbrand08-26_01-1536x1536.jpg 1536w, http:\/\/www.ff-kirchberg-am-wechsel.at\/wordpress\/wp-content\/uploads\/2026\/09\/waldbrand08-26_01-600x600.jpg 600w, http:\/\/www.ff-kirchberg-am-wechsel.at\/wordpress\/wp-content\/uploads\/2026\/09\/waldbrand08-26_01-945x945.jpg 945w, http:\/\/www.ff-kirchberg-am-wechsel.at\/wordpress\/wp-content\/uploads\/2026\/09\/waldbrand08-26_01.jpg 2048w\" sizes=\"(max-width: 150px) 100vw, 150px\" \/><\/a>\n\t\t\t<\/dt><\/dl><dl class='gallery-item'>\n\t\t\t<dt class='gallery-icon landscape'>\n\t\t\t\t<a data-elementor-open-lightbox=\"yes\" data-elementor-lightbox-slideshow=\"f4c7c7e\" data-elementor-lightbox-title=\"waldbrand08-26_02\" data-e-action-hash=\"#elementor-action%3Aaction%3Dlightbox%26settings%3DeyJpZCI6ODAwNSwidXJsIjoiaHR0cDpcL1wvd3d3LmZmLWtpcmNoYmVyZy1hbS13ZWNoc2VsLmF0XC93b3JkcHJlc3NcL3dwLWNvbnRlbnRcL3VwbG9hZHNcLzIwMjZcLzA5XC93YWxkYnJhbmQwOC0yNl8wMi5qcGciLCJzbGlkZXNob3ciOiJmNGM3YzdlIn0%3D\" href='http:\/\/www.ff-kirchberg-am-wechsel.at\/wordpress\/wp-content\/uploads\/2026\/09\/waldbrand08-26_02-1024x1024.jpg' title=\"\" data-rl_title=\"\" class=\"rl-gallery-link\" data-rl_caption=\"\" data-rel=\"lightbox-gallery-1\"><img decoding=\"async\" width=\"150\" height=\"150\" src=\"http:\/\/www.ff-kirchberg-am-wechsel.at\/wordpress\/wp-content\/uploads\/2026\/09\/waldbrand08-26_02-150x150.jpg\" class=\"attachment-thumbnail size-thumbnail\" alt=\"Waldbr\u00e4nde August 2026\" srcset=\"http:\/\/www.ff-kirchberg-am-wechsel.at\/wordpress\/wp-content\/uploads\/2026\/09\/waldbrand08-26_02-150x150.jpg 150w, http:\/\/www.ff-kirchberg-am-wechsel.at\/wordpress\/wp-content\/uploads\/2026\/09\/waldbrand08-26_02-300x300.jpg 300w, http:\/\/www.ff-kirchberg-am-wechsel.at\/wordpress\/wp-content\/uploads\/2026\/09\/waldbrand08-26_02-1024x1024.jpg 1024w, http:\/\/www.ff-kirchberg-am-wechsel.at\/wordpress\/wp-content\/uploads\/2026\/09\/waldbrand08-26_02-768x768.jpg 768w, http:\/\/www.ff-kirchberg-am-wechsel.at\/wordpress\/wp-content\/uploads\/2026\/09\/waldbrand08-26_02-1536x1536.jpg 1536w, http:\/\/www.ff-kirchberg-am-wechsel.at\/wordpress\/wp-content\/uploads\/2026\/09\/waldbrand08-26_02-600x600.jpg 600w, http:\/\/www.ff-kirchberg-am-wechsel.at\/wordpress\/wp-content\/uploads\/2026\/09\/waldbrand08-26_02-945x945.jpg 945w, http:\/\/www.ff-kirchberg-am-wechsel.at\/wordpress\/wp-content\/uploads\/2026\/09\/waldbrand08-26_02.jpg 2048w\" sizes=\"(max-width: 150px) 100vw, 150px\" \/><\/a>\n\t\t\t<\/dt><\/dl><dl class='gallery-item'>\n\t\t\t<dt class='gallery-icon portrait'>\n\t\t\t\t<a data-elementor-open-lightbox=\"yes\" data-elementor-lightbox-slideshow=\"f4c7c7e\" data-elementor-lightbox-title=\"waldbrand08-26_03\" data-e-action-hash=\"#elementor-action%3Aaction%3Dlightbox%26settings%3DeyJpZCI6ODAwNiwidXJsIjoiaHR0cDpcL1wvd3d3LmZmLWtpcmNoYmVyZy1hbS13ZWNoc2VsLmF0XC93b3JkcHJlc3NcL3dwLWNvbnRlbnRcL3VwbG9hZHNcLzIwMjZcLzA5XC93YWxkYnJhbmQwOC0yNl8wMy5qcGciLCJzbGlkZXNob3ciOiJmNGM3YzdlIn0%3D\" href='http:\/\/www.ff-kirchberg-am-wechsel.at\/wordpress\/wp-content\/uploads\/2026\/09\/waldbrand08-26_03-768x1024.jpg' title=\"\" data-rl_title=\"\" class=\"rl-gallery-link\" data-rl_caption=\"\" data-rel=\"lightbox-gallery-1\"><img decoding=\"async\" width=\"150\" height=\"150\" src=\"http:\/\/www.ff-kirchberg-am-wechsel.at\/wordpress\/wp-content\/uploads\/2026\/09\/waldbrand08-26_03-150x150.jpg\" class=\"attachment-thumbnail size-thumbnail\" alt=\"Waldbr\u00e4nde August 2026\" \/><\/a>\n\t\t\t<\/dt><\/dl><dl class='gallery-item'>\n\t\t\t<dt class='gallery-icon portrait'>\n\t\t\t\t<a data-elementor-open-lightbox=\"yes\" data-elementor-lightbox-slideshow=\"f4c7c7e\" data-elementor-lightbox-title=\"waldbrand08-26_04\" data-e-action-hash=\"#elementor-action%3Aaction%3Dlightbox%26settings%3DeyJpZCI6ODAwNywidXJsIjoiaHR0cDpcL1wvd3d3LmZmLWtpcmNoYmVyZy1hbS13ZWNoc2VsLmF0XC93b3JkcHJlc3NcL3dwLWNvbnRlbnRcL3VwbG9hZHNcLzIwMjZcLzA5XC93YWxkYnJhbmQwOC0yNl8wNC5qcGciLCJzbGlkZXNob3ciOiJmNGM3YzdlIn0%3D\" href='http:\/\/www.ff-kirchberg-am-wechsel.at\/wordpress\/wp-content\/uploads\/2026\/09\/waldbrand08-26_04-577x1024.jpg' title=\"\" data-rl_title=\"\" class=\"rl-gallery-link\" data-rl_caption=\"\" data-rel=\"lightbox-gallery-1\"><img loading=\"lazy\" decoding=\"async\" width=\"150\" height=\"150\" src=\"http:\/\/www.ff-kirchberg-am-wechsel.at\/wordpress\/wp-content\/uploads\/2026\/09\/waldbrand08-26_04-150x150.jpg\" class=\"attachment-thumbnail size-thumbnail\" alt=\"Waldbr\u00e4nde August 2026\" \/><\/a>\n\t\t\t<\/dt><\/dl><br style=\"clear: both\" \/><dl class='gallery-item'>\n\t\t\t<dt class='gallery-icon landscape'>\n\t\t\t\t<a data-elementor-open-lightbox=\"yes\" data-elementor-lightbox-slideshow=\"f4c7c7e\" data-elementor-lightbox-title=\"waldbrand08-26_05\" data-e-action-hash=\"#elementor-action%3Aaction%3Dlightbox%26settings%3DeyJpZCI6ODAwOCwidXJsIjoiaHR0cDpcL1wvd3d3LmZmLWtpcmNoYmVyZy1hbS13ZWNoc2VsLmF0XC93b3JkcHJlc3NcL3dwLWNvbnRlbnRcL3VwbG9hZHNcLzIwMjZcLzA5XC93YWxkYnJhbmQwOC0yNl8wNS5qcGciLCJzbGlkZXNob3ciOiJmNGM3YzdlIn0%3D\" href='http:\/\/www.ff-kirchberg-am-wechsel.at\/wordpress\/wp-content\/uploads\/2026\/09\/waldbrand08-26_05.jpg' title=\"\" data-rl_title=\"\" class=\"rl-gallery-link\" data-rl_caption=\"\" data-rel=\"lightbox-gallery-1\"><img loading=\"lazy\" decoding=\"async\" width=\"150\" height=\"150\" src=\"http:\/\/www.ff-kirchberg-am-wechsel.at\/wordpress\/wp-content\/uploads\/2026\/09\/waldbrand08-26_05-150x150.jpg\" class=\"attachment-thumbnail size-thumbnail\" alt=\"Waldbr\u00e4nde August 2026\" \/><\/a>\n\t\t\t<\/dt><\/dl><dl class='gallery-item'>\n\t\t\t<dt class='gallery-icon landscape'>\n\t\t\t\t<a data-elementor-open-lightbox=\"yes\" data-elementor-lightbox-slideshow=\"f4c7c7e\" data-elementor-lightbox-title=\"waldbrand08-26_06\" data-e-action-hash=\"#elementor-action%3Aaction%3Dlightbox%26settings%3DeyJpZCI6ODAwOSwidXJsIjoiaHR0cDpcL1wvd3d3LmZmLWtpcmNoYmVyZy1hbS13ZWNoc2VsLmF0XC93b3JkcHJlc3NcL3dwLWNvbnRlbnRcL3VwbG9hZHNcLzIwMjZcLzA5XC93YWxkYnJhbmQwOC0yNl8wNi5qcGciLCJzbGlkZXNob3ciOiJmNGM3YzdlIn0%3D\" href='http:\/\/www.ff-kirchberg-am-wechsel.at\/wordpress\/wp-content\/uploads\/2026\/09\/waldbrand08-26_06-1024x576.jpg' title=\"\" data-rl_title=\"\" class=\"rl-gallery-link\" data-rl_caption=\"\" data-rel=\"lightbox-gallery-1\"><img loading=\"lazy\" decoding=\"async\" width=\"150\" height=\"150\" src=\"http:\/\/www.ff-kirchberg-am-wechsel.at\/wordpress\/wp-content\/uploads\/2026\/09\/waldbrand08-26_06-150x150.jpg\" class=\"attachment-thumbnail size-thumbnail\" alt=\"Waldbr\u00e4nde August 2026\" \/><\/a>\n\t\t\t<\/dt><\/dl><dl class='gallery-item'>\n\t\t\t<dt class='gallery-icon landscape'>\n\t\t\t\t<a data-elementor-open-lightbox=\"yes\" data-elementor-lightbox-slideshow=\"f4c7c7e\" data-elementor-lightbox-title=\"waldbrand08-26_07\" data-e-action-hash=\"#elementor-action%3Aaction%3Dlightbox%26settings%3DeyJpZCI6ODAxMCwidXJsIjoiaHR0cDpcL1wvd3d3LmZmLWtpcmNoYmVyZy1hbS13ZWNoc2VsLmF0XC93b3JkcHJlc3NcL3dwLWNvbnRlbnRcL3VwbG9hZHNcLzIwMjZcLzA5XC93YWxkYnJhbmQwOC0yNl8wNy5qcGciLCJzbGlkZXNob3ciOiJmNGM3YzdlIn0%3D\" href='http:\/\/www.ff-kirchberg-am-wechsel.at\/wordpress\/wp-content\/uploads\/2026\/09\/waldbrand08-26_07-1024x576.jpg' title=\"\" data-rl_title=\"\" class=\"rl-gallery-link\" data-rl_caption=\"\" data-rel=\"lightbox-gallery-1\"><img loading=\"lazy\" decoding=\"async\" width=\"150\" height=\"150\" src=\"http:\/\/www.ff-kirchberg-am-wechsel.at\/wordpress\/wp-content\/uploads\/2026\/09\/waldbrand08-26_07-150x150.jpg\" class=\"attachment-thumbnail size-thumbnail\" alt=\"Waldbr\u00e4nde August 2026\" \/><\/a>\n\t\t\t<\/dt><\/dl><dl class='gallery-item'>\n\t\t\t<dt class='gallery-icon portrait'>\n\t\t\t\t<a data-elementor-open-lightbox=\"yes\" data-elementor-lightbox-slideshow=\"f4c7c7e\" data-elementor-lightbox-title=\"waldbrand08-26_08\" data-e-action-hash=\"#elementor-action%3Aaction%3Dlightbox%26settings%3DeyJpZCI6ODAxMSwidXJsIjoiaHR0cDpcL1wvd3d3LmZmLWtpcmNoYmVyZy1hbS13ZWNoc2VsLmF0XC93b3JkcHJlc3NcL3dwLWNvbnRlbnRcL3VwbG9hZHNcLzIwMjZcLzA5XC93YWxkYnJhbmQwOC0yNl8wOC5qcGciLCJzbGlkZXNob3ciOiJmNGM3YzdlIn0%3D\" href='http:\/\/www.ff-kirchberg-am-wechsel.at\/wordpress\/wp-content\/uploads\/2026\/09\/waldbrand08-26_08-576x1024.jpg' title=\"\" data-rl_title=\"\" class=\"rl-gallery-link\" data-rl_caption=\"\" data-rel=\"lightbox-gallery-1\"><img loading=\"lazy\" decoding=\"async\" width=\"150\" height=\"150\" src=\"http:\/\/www.ff-kirchberg-am-wechsel.at\/wordpress\/wp-content\/uploads\/2026\/09\/waldbrand08-26_08-150x150.jpg\" class=\"attachment-thumbnail size-thumbnail\" alt=\"Waldbr\u00e4nde August 2026\" \/><\/a>\n\t\t\t<\/dt><\/dl><br style=\"clear: both\" \/><dl class='gallery-item'>\n\t\t\t<dt class='gallery-icon landscape'>\n\t\t\t\t<a data-elementor-open-lightbox=\"yes\" data-elementor-lightbox-slideshow=\"f4c7c7e\" data-elementor-lightbox-title=\"waldbrand08-26_09\" data-e-action-hash=\"#elementor-action%3Aaction%3Dlightbox%26settings%3DeyJpZCI6ODAxMiwidXJsIjoiaHR0cDpcL1wvd3d3LmZmLWtpcmNoYmVyZy1hbS13ZWNoc2VsLmF0XC93b3JkcHJlc3NcL3dwLWNvbnRlbnRcL3VwbG9hZHNcLzIwMjZcLzA5XC93YWxkYnJhbmQwOC0yNl8wOS5qcGciLCJzbGlkZXNob3ciOiJmNGM3YzdlIn0%3D\" href='http:\/\/www.ff-kirchberg-am-wechsel.at\/wordpress\/wp-content\/uploads\/2026\/09\/waldbrand08-26_09-1024x576.jpg' title=\"\" data-rl_title=\"\" class=\"rl-gallery-link\" data-rl_caption=\"\" data-rel=\"lightbox-gallery-1\"><img loading=\"lazy\" decoding=\"async\" width=\"150\" height=\"150\" src=\"http:\/\/www.ff-kirchberg-am-wechsel.at\/wordpress\/wp-content\/uploads\/2026\/09\/waldbrand08-26_09-150x150.jpg\" class=\"attachment-thumbnail size-thumbnail\" alt=\"Waldbr\u00e4nde August 2026\" \/><\/a>\n\t\t\t<\/dt><\/dl><dl class='gallery-item'>\n\t\t\t<dt class='gallery-icon portrait'>\n\t\t\t\t<a data-elementor-open-lightbox=\"yes\" data-elementor-lightbox-slideshow=\"f4c7c7e\" data-elementor-lightbox-title=\"waldbrand08-26_10\" data-e-action-hash=\"#elementor-action%3Aaction%3Dlightbox%26settings%3DeyJpZCI6ODAxMywidXJsIjoiaHR0cDpcL1wvd3d3LmZmLWtpcmNoYmVyZy1hbS13ZWNoc2VsLmF0XC93b3JkcHJlc3NcL3dwLWNvbnRlbnRcL3VwbG9hZHNcLzIwMjZcLzA5XC93YWxkYnJhbmQwOC0yNl8xMC5qcGciLCJzbGlkZXNob3ciOiJmNGM3YzdlIn0%3D\" href='http:\/\/www.ff-kirchberg-am-wechsel.at\/wordpress\/wp-content\/uploads\/2026\/09\/waldbrand08-26_10-576x1024.jpg' title=\"\" data-rl_title=\"\" class=\"rl-gallery-link\" data-rl_caption=\"\" data-rel=\"lightbox-gallery-1\"><img loading=\"lazy\" decoding=\"async\" width=\"150\" height=\"150\" src=\"http:\/\/www.ff-kirchberg-am-wechsel.at\/wordpress\/wp-content\/uploads\/2026\/09\/waldbrand08-26_10-150x150.jpg\" class=\"attachment-thumbnail size-thumbnail\" alt=\"Waldbr\u00e4nde August 2026\" \/><\/a>\n\t\t\t<\/dt><\/dl><dl class='gallery-item'>\n\t\t\t<dt class='gallery-icon portrait'>\n\t\t\t\t<a data-elementor-open-lightbox=\"yes\" data-elementor-lightbox-slideshow=\"f4c7c7e\" data-elementor-lightbox-title=\"waldbrand08-26_12\" data-e-action-hash=\"#elementor-action%3Aaction%3Dlightbox%26settings%3DeyJpZCI6ODAxNSwidXJsIjoiaHR0cDpcL1wvd3d3LmZmLWtpcmNoYmVyZy1hbS13ZWNoc2VsLmF0XC93b3JkcHJlc3NcL3dwLWNvbnRlbnRcL3VwbG9hZHNcLzIwMjZcLzA5XC93YWxkYnJhbmQwOC0yNl8xMi5qcGciLCJzbGlkZXNob3ciOiJmNGM3YzdlIn0%3D\" href='http:\/\/www.ff-kirchberg-am-wechsel.at\/wordpress\/wp-content\/uploads\/2026\/09\/waldbrand08-26_12-768x1024.jpg' title=\"\" data-rl_title=\"\" class=\"rl-gallery-link\" data-rl_caption=\"\" data-rel=\"lightbox-gallery-1\"><img loading=\"lazy\" decoding=\"async\" width=\"150\" height=\"150\" src=\"http:\/\/www.ff-kirchberg-am-wechsel.at\/wordpress\/wp-content\/uploads\/2026\/09\/waldbrand08-26_12-150x150.jpg\" class=\"attachment-thumbnail size-thumbnail\" alt=\"Waldbr\u00e4nde August 2026\" \/><\/a>\n\t\t\t<\/dt><\/dl><dl class='gallery-item'>\n\t\t\t<dt class='gallery-icon landscape'>\n\t\t\t\t<a data-elementor-open-lightbox=\"yes\" data-elementor-lightbox-slideshow=\"f4c7c7e\" data-elementor-lightbox-title=\"waldbrand08-26_13\" data-e-action-hash=\"#elementor-action%3Aaction%3Dlightbox%26settings%3DeyJpZCI6ODAxNiwidXJsIjoiaHR0cDpcL1wvd3d3LmZmLWtpcmNoYmVyZy1hbS13ZWNoc2VsLmF0XC93b3JkcHJlc3NcL3dwLWNvbnRlbnRcL3VwbG9hZHNcLzIwMjZcLzA5XC93YWxkYnJhbmQwOC0yNl8xMy5qcGciLCJzbGlkZXNob3ciOiJmNGM3YzdlIn0%3D\" href='http:\/\/www.ff-kirchberg-am-wechsel.at\/wordpress\/wp-content\/uploads\/2026\/09\/waldbrand08-26_13-1024x768.jpg' title=\"\" data-rl_title=\"\" class=\"rl-gallery-link\" data-rl_caption=\"\" data-rel=\"lightbox-gallery-1\"><img loading=\"lazy\" decoding=\"async\" width=\"150\" height=\"150\" src=\"http:\/\/www.ff-kirchberg-am-wechsel.at\/wordpress\/wp-content\/uploads\/2026\/09\/waldbrand08-26_13-150x150.jpg\" class=\"attachment-thumbnail size-thumbnail\" alt=\"Waldbr\u00e4nde August 2026\" \/><\/a>\n\t\t\t<\/dt><\/dl><br style=\"clear: both\" \/><dl class='gallery-item'>\n\t\t\t<dt class='gallery-icon portrait'>\n\t\t\t\t<a data-elementor-open-lightbox=\"yes\" data-elementor-lightbox-slideshow=\"f4c7c7e\" data-elementor-lightbox-title=\"waldbrand08-26_14\" data-e-action-hash=\"#elementor-action%3Aaction%3Dlightbox%26settings%3DeyJpZCI6ODAxNywidXJsIjoiaHR0cDpcL1wvd3d3LmZmLWtpcmNoYmVyZy1hbS13ZWNoc2VsLmF0XC93b3JkcHJlc3NcL3dwLWNvbnRlbnRcL3VwbG9hZHNcLzIwMjZcLzA5XC93YWxkYnJhbmQwOC0yNl8xNC5qcGciLCJzbGlkZXNob3ciOiJmNGM3YzdlIn0%3D\" href='http:\/\/www.ff-kirchberg-am-wechsel.at\/wordpress\/wp-content\/uploads\/2026\/09\/waldbrand08-26_14-768x1024.jpg' title=\"\" data-rl_title=\"\" class=\"rl-gallery-link\" data-rl_caption=\"\" data-rel=\"lightbox-gallery-1\"><img loading=\"lazy\" decoding=\"async\" width=\"150\" height=\"150\" src=\"http:\/\/www.ff-kirchberg-am-wechsel.at\/wordpress\/wp-content\/uploads\/2026\/09\/waldbrand08-26_14-150x150.jpg\" class=\"attachment-thumbnail size-thumbnail\" alt=\"Waldbr\u00e4nde August 2026\" \/><\/a>\n\t\t\t<\/dt><\/dl><dl class='gallery-item'>\n\t\t\t<dt class='gallery-icon landscape'>\n\t\t\t\t<a data-elementor-open-lightbox=\"yes\" data-elementor-lightbox-slideshow=\"f4c7c7e\" data-elementor-lightbox-title=\"waldbrand08-26_15\" data-e-action-hash=\"#elementor-action%3Aaction%3Dlightbox%26settings%3DeyJpZCI6ODAxOCwidXJsIjoiaHR0cDpcL1wvd3d3LmZmLWtpcmNoYmVyZy1hbS13ZWNoc2VsLmF0XC93b3JkcHJlc3NcL3dwLWNvbnRlbnRcL3VwbG9hZHNcLzIwMjZcLzA5XC93YWxkYnJhbmQwOC0yNl8xNS5qcGciLCJzbGlkZXNob3ciOiJmNGM3YzdlIn0%3D\" href='http:\/\/www.ff-kirchberg-am-wechsel.at\/wordpress\/wp-content\/uploads\/2026\/09\/waldbrand08-26_15-1024x768.jpg' title=\"\" data-rl_title=\"\" class=\"rl-gallery-link\" data-rl_caption=\"\" data-rel=\"lightbox-gallery-1\"><img loading=\"lazy\" decoding=\"async\" width=\"150\" height=\"150\" src=\"http:\/\/www.ff-kirchberg-am-wechsel.at\/wordpress\/wp-content\/uploads\/2026\/09\/waldbrand08-26_15-150x150.jpg\" class=\"attachment-thumbnail size-thumbnail\" alt=\"Waldbr\u00e4nde August 2026\" \/><\/a>\n\t\t\t<\/dt><\/dl><dl class='gallery-item'>\n\t\t\t<dt class='gallery-icon landscape'>\n\t\t\t\t<a data-elementor-open-lightbox=\"yes\" data-elementor-lightbox-slideshow=\"f4c7c7e\" data-elementor-lightbox-title=\"waldbrand08-26_16\" data-e-action-hash=\"#elementor-action%3Aaction%3Dlightbox%26settings%3DeyJpZCI6ODAxOSwidXJsIjoiaHR0cDpcL1wvd3d3LmZmLWtpcmNoYmVyZy1hbS13ZWNoc2VsLmF0XC93b3JkcHJlc3NcL3dwLWNvbnRlbnRcL3VwbG9hZHNcLzIwMjZcLzA5XC93YWxkYnJhbmQwOC0yNl8xNi5qcGciLCJzbGlkZXNob3ciOiJmNGM3YzdlIn0%3D\" href='http:\/\/www.ff-kirchberg-am-wechsel.at\/wordpress\/wp-content\/uploads\/2026\/09\/waldbrand08-26_16-1024x768.jpg' title=\"\" data-rl_title=\"\" class=\"rl-gallery-link\" data-rl_caption=\"\" data-rel=\"lightbox-gallery-1\"><img loading=\"lazy\" decoding=\"async\" width=\"150\" height=\"150\" src=\"http:\/\/www.ff-kirchberg-am-wechsel.at\/wordpress\/wp-content\/uploads\/2026\/09\/waldbrand08-26_16-150x150.jpg\" class=\"attachment-thumbnail size-thumbnail\" alt=\"Waldbr\u00e4nde August 2026\" \/><\/a>\n\t\t\t<\/dt><\/dl><dl class='gallery-item'>\n\t\t\t<dt class='gallery-icon landscape'>\n\t\t\t\t<a data-elementor-open-lightbox=\"yes\" data-elementor-lightbox-slideshow=\"f4c7c7e\" data-elementor-lightbox-title=\"waldbrand08-26_17\" data-e-action-hash=\"#elementor-action%3Aaction%3Dlightbox%26settings%3DeyJpZCI6ODAyMCwidXJsIjoiaHR0cDpcL1wvd3d3LmZmLWtpcmNoYmVyZy1hbS13ZWNoc2VsLmF0XC93b3JkcHJlc3NcL3dwLWNvbnRlbnRcL3VwbG9hZHNcLzIwMjZcLzA5XC93YWxkYnJhbmQwOC0yNl8xNy5qcGciLCJzbGlkZXNob3ciOiJmNGM3YzdlIn0%3D\" href='http:\/\/www.ff-kirchberg-am-wechsel.at\/wordpress\/wp-content\/uploads\/2026\/09\/waldbrand08-26_17-1024x768.jpg' title=\"\" data-rl_title=\"\" class=\"rl-gallery-link\" data-rl_caption=\"\" data-rel=\"lightbox-gallery-1\"><img loading=\"lazy\" decoding=\"async\" width=\"150\" height=\"150\" src=\"http:\/\/www.ff-kirchberg-am-wechsel.at\/wordpress\/wp-content\/uploads\/2026\/09\/waldbrand08-26_17-150x150.jpg\" class=\"attachment-thumbnail size-thumbnail\" alt=\"Waldbr\u00e4nde August 2026\" \/><\/a>\n\t\t\t<\/dt><\/dl><br style=\"clear: both\" \/><dl class='gallery-item'>\n\t\t\t<dt class='gallery-icon landscape'>\n\t\t\t\t<a data-elementor-open-lightbox=\"yes\" data-elementor-lightbox-slideshow=\"f4c7c7e\" data-elementor-lightbox-title=\"waldbrand08-26_18\" data-e-action-hash=\"#elementor-action%3Aaction%3Dlightbox%26settings%3DeyJpZCI6ODAyMSwidXJsIjoiaHR0cDpcL1wvd3d3LmZmLWtpcmNoYmVyZy1hbS13ZWNoc2VsLmF0XC93b3JkcHJlc3NcL3dwLWNvbnRlbnRcL3VwbG9hZHNcLzIwMjZcLzA5XC93YWxkYnJhbmQwOC0yNl8xOC5qcGciLCJzbGlkZXNob3ciOiJmNGM3YzdlIn0%3D\" href='http:\/\/www.ff-kirchberg-am-wechsel.at\/wordpress\/wp-content\/uploads\/2026\/09\/waldbrand08-26_18-1024x768.jpg' title=\"\" data-rl_title=\"\" class=\"rl-gallery-link\" data-rl_caption=\"\" data-rel=\"lightbox-gallery-1\"><img loading=\"lazy\" decoding=\"async\" width=\"150\" height=\"150\" src=\"http:\/\/www.ff-kirchberg-am-wechsel.at\/wordpress\/wp-content\/uploads\/2026\/09\/waldbrand08-26_18-150x150.jpg\" class=\"attachment-thumbnail size-thumbnail\" alt=\"Waldbr\u00e4nde August 2026\" \/><\/a>\n\t\t\t<\/dt><\/dl><dl class='gallery-item'>\n\t\t\t<dt class='gallery-icon landscape'>\n\t\t\t\t<a data-elementor-open-lightbox=\"yes\" data-elementor-lightbox-slideshow=\"f4c7c7e\" data-elementor-lightbox-title=\"waldbrand08-26_19\" data-e-action-hash=\"#elementor-action%3Aaction%3Dlightbox%26settings%3DeyJpZCI6ODAyMiwidXJsIjoiaHR0cDpcL1wvd3d3LmZmLWtpcmNoYmVyZy1hbS13ZWNoc2VsLmF0XC93b3JkcHJlc3NcL3dwLWNvbnRlbnRcL3VwbG9hZHNcLzIwMjZcLzA5XC93YWxkYnJhbmQwOC0yNl8xOS5qcGciLCJzbGlkZXNob3ciOiJmNGM3YzdlIn0%3D\" href='http:\/\/www.ff-kirchberg-am-wechsel.at\/wordpress\/wp-content\/uploads\/2026\/09\/waldbrand08-26_19-1024x768.jpg' title=\"\" data-rl_title=\"\" class=\"rl-gallery-link\" data-rl_caption=\"\" data-rel=\"lightbox-gallery-1\"><img loading=\"lazy\" decoding=\"async\" width=\"150\" height=\"150\" src=\"http:\/\/www.ff-kirchberg-am-wechsel.at\/wordpress\/wp-content\/uploads\/2026\/09\/waldbrand08-26_19-150x150.jpg\" class=\"attachment-thumbnail size-thumbnail\" alt=\"Waldbr\u00e4nde August 2026\" \/><\/a>\n\t\t\t<\/dt><\/dl><dl class='gallery-item'>\n\t\t\t<dt class='gallery-icon landscape'>\n\t\t\t\t<a data-elementor-open-lightbox=\"yes\" data-elementor-lightbox-slideshow=\"f4c7c7e\" data-elementor-lightbox-title=\"waldbrand08-26_20\" data-e-action-hash=\"#elementor-action%3Aaction%3Dlightbox%26settings%3DeyJpZCI6ODAyMywidXJsIjoiaHR0cDpcL1wvd3d3LmZmLWtpcmNoYmVyZy1hbS13ZWNoc2VsLmF0XC93b3JkcHJlc3NcL3dwLWNvbnRlbnRcL3VwbG9hZHNcLzIwMjZcLzA5XC93YWxkYnJhbmQwOC0yNl8yMC5qcGciLCJzbGlkZXNob3ciOiJmNGM3YzdlIn0%3D\" href='http:\/\/www.ff-kirchberg-am-wechsel.at\/wordpress\/wp-content\/uploads\/2026\/09\/waldbrand08-26_20-1024x768.jpg' title=\"\" data-rl_title=\"\" class=\"rl-gallery-link\" data-rl_caption=\"\" data-rel=\"lightbox-gallery-1\"><img loading=\"lazy\" decoding=\"async\" width=\"150\" height=\"150\" src=\"http:\/\/www.ff-kirchberg-am-wechsel.at\/wordpress\/wp-content\/uploads\/2026\/09\/waldbrand08-26_20-150x150.jpg\" class=\"attachment-thumbnail size-thumbnail\" alt=\"Waldbr\u00e4nde August 2026\" \/><\/a>\n\t\t\t<\/dt><\/dl><dl class='gallery-item'>\n\t\t\t<dt class='gallery-icon landscape'>\n\t\t\t\t<a data-elementor-open-lightbox=\"yes\" data-elementor-lightbox-slideshow=\"f4c7c7e\" data-elementor-lightbox-title=\"waldbrand08-26_21\" data-e-action-hash=\"#elementor-action%3Aaction%3Dlightbox%26settings%3DeyJpZCI6ODAyNCwidXJsIjoiaHR0cDpcL1wvd3d3LmZmLWtpcmNoYmVyZy1hbS13ZWNoc2VsLmF0XC93b3JkcHJlc3NcL3dwLWNvbnRlbnRcL3VwbG9hZHNcLzIwMjZcLzA5XC93YWxkYnJhbmQwOC0yNl8yMS5qcGciLCJzbGlkZXNob3ciOiJmNGM3YzdlIn0%3D\" href='http:\/\/www.ff-kirchberg-am-wechsel.at\/wordpress\/wp-content\/uploads\/2026\/09\/waldbrand08-26_21-1024x768.jpg' title=\"\" data-rl_title=\"\" class=\"rl-gallery-link\" data-rl_caption=\"\" data-rel=\"lightbox-gallery-1\"><img loading=\"lazy\" decoding=\"async\" width=\"150\" height=\"150\" src=\"http:\/\/www.ff-kirchberg-am-wechsel.at\/wordpress\/wp-content\/uploads\/2026\/09\/waldbrand08-26_21-150x150.jpg\" class=\"attachment-thumbnail size-thumbnail\" alt=\"Waldbr\u00e4nde August 2026\" \/><\/a>\n\t\t\t<\/dt><\/dl><br style=\"clear: both\" \/><dl class='gallery-item'>\n\t\t\t<dt class='gallery-icon landscape'>\n\t\t\t\t<a data-elementor-open-lightbox=\"yes\" data-elementor-lightbox-slideshow=\"f4c7c7e\" data-elementor-lightbox-title=\"waldbrand08-26_22\" data-e-action-hash=\"#elementor-action%3Aaction%3Dlightbox%26settings%3DeyJpZCI6ODAyNSwidXJsIjoiaHR0cDpcL1wvd3d3LmZmLWtpcmNoYmVyZy1hbS13ZWNoc2VsLmF0XC93b3JkcHJlc3NcL3dwLWNvbnRlbnRcL3VwbG9hZHNcLzIwMjZcLzA5XC93YWxkYnJhbmQwOC0yNl8yMi5qcGciLCJzbGlkZXNob3ciOiJmNGM3YzdlIn0%3D\" href='http:\/\/www.ff-kirchberg-am-wechsel.at\/wordpress\/wp-content\/uploads\/2026\/09\/waldbrand08-26_22-1024x768.jpg' title=\"\" data-rl_title=\"\" class=\"rl-gallery-link\" data-rl_caption=\"\" data-rel=\"lightbox-gallery-1\"><img loading=\"lazy\" decoding=\"async\" width=\"150\" height=\"150\" src=\"http:\/\/www.ff-kirchberg-am-wechsel.at\/wordpress\/wp-content\/uploads\/2026\/09\/waldbrand08-26_22-150x150.jpg\" class=\"attachment-thumbnail size-thumbnail\" alt=\"Waldbr\u00e4nde August 2026\" \/><\/a>\n\t\t\t<\/dt><\/dl><dl class='gallery-item'>\n\t\t\t<dt class='gallery-icon portrait'>\n\t\t\t\t<a data-elementor-open-lightbox=\"yes\" data-elementor-lightbox-slideshow=\"f4c7c7e\" data-elementor-lightbox-title=\"waldbrand08-26_23\" data-e-action-hash=\"#elementor-action%3Aaction%3Dlightbox%26settings%3DeyJpZCI6ODAyNiwidXJsIjoiaHR0cDpcL1wvd3d3LmZmLWtpcmNoYmVyZy1hbS13ZWNoc2VsLmF0XC93b3JkcHJlc3NcL3dwLWNvbnRlbnRcL3VwbG9hZHNcLzIwMjZcLzA5XC93YWxkYnJhbmQwOC0yNl8yMy5qcGciLCJzbGlkZXNob3ciOiJmNGM3YzdlIn0%3D\" href='http:\/\/www.ff-kirchberg-am-wechsel.at\/wordpress\/wp-content\/uploads\/2026\/09\/waldbrand08-26_23-768x1024.jpg' title=\"\" data-rl_title=\"\" class=\"rl-gallery-link\" data-rl_caption=\"\" data-rel=\"lightbox-gallery-1\"><img loading=\"lazy\" decoding=\"async\" width=\"150\" height=\"150\" src=\"http:\/\/www.ff-kirchberg-am-wechsel.at\/wordpress\/wp-content\/uploads\/2026\/09\/waldbrand08-26_23-150x150.jpg\" class=\"attachment-thumbnail size-thumbnail\" alt=\"Waldbr\u00e4nde August 2026\" \/><\/a>\n\t\t\t<\/dt><\/dl>\n\t\t\t<br style='clear: both' \/>\n\t\t<\/div>\n\t\t<\/div>\n\t\t\t\t\t\t<\/div>\n\t\t\t\t<\/div>\n\t\t\t\t<div class=\"elementor-element elementor-element-5fac887 elementor-widget elementor-widget-spacer\" data-id=\"5fac887\" data-element_type=\"widget\" data-e-type=\"widget\" data-widget_type=\"spacer.default\">\n\t\t\t\t<div class=\"elementor-widget-container\">\n\t\t\t\t\t\t\t<div class=\"elementor-spacer\">\n\t\t\t<div class=\"elementor-spacer-inner\"><\/div>\n\t\t<\/div>\n\t\t\t\t\t\t<\/div>\n\t\t\t\t<\/div>\n\t\t\t\t<div class=\"elementor-element elementor-element-e54ee7d elementor-widget elementor-widget-text-editor\" data-id=\"e54ee7d\" data-element_type=\"widget\" data-e-type=\"widget\" data-widget_type=\"text-editor.default\">\n\t\t\t\t<div class=\"elementor-widget-container\">\n\t\t\t\t\t\t\t\t\t<p>Die Hitze und Trockenheit des heurigen Sommers f\u00fchrte zu mehreren Waldbr\u00e4nden im ganzen Land. Insbesondere zwei gro\u00dfe Br\u00e4nde im F\u00f6hrenwald besch\u00e4ftigten im August die Feuerwehren.<\/p><p>Die Feuerwehr Kirchberg wurde im Rahmen des Katastrophenhilfsdiensts zweimal in den F\u00f6hrenwald nach St. Egyden gerufen. Erstmals am 5. August, als die FF Kirchberg von ca. 17:00 Uhr bis um Mitternacht im Einsatz stand. Neben der Wasserversorgung \u00fcbernahmen wurden wir auch zur Bek\u00e4mpfung der Glutnester eingesetzt.<\/p><p>Abermals mussten wir am 14. August in den F\u00f6hrenwald fahren. Wir beteiligten uns an der Errichtung einer sogenannten \u201eRiegelstellung\u201c, um das \u00dcbergreifen des Feuers auf nicht betroffene Fl\u00e4chen zu unterbinden. Dieser Einsatz dauerte von ca. 13:00 Uhr bis 23:00 Uhr.<\/p><p>Ein weiterer, gl\u00fccklicherweise glimpflicher Brandeinsatz ereignete sich am 7. August. An der Stra\u00dfe Richtung Steyersberger Schwaig bemerkten aufmerksame Radfahrer in der Molz einen Kleinbrand. Sie konnten den Glimmbrand mit ihren Wasserflaschen bereits gut niederschlagen und alarmierten dann die Feuerwehr. Nachdem unverz\u00fcglich ausger\u00fcckt wurde, konnten wir den Glimmbrand rasch abl\u00f6schen. H\u00e4tte sich der Brand ausbreiten k\u00f6nnen, w\u00e4re vermutlich rasch ein viel gr\u00f6\u00dferer Einsatz daraus geworden.<\/p>\t\t\t\t\t\t\t\t<\/div>\n\t\t\t\t<\/div>\n\t\t\t\t\t<\/div>\n\t\t<\/div>\n\t\t\t\t\t<\/div>\n\t\t<\/section>\n\t\t\t\t<\/div>\n\t\t","protected":false},"excerpt":{"rendered":"<p>Die Hitze und Trockenheit des heurigen Sommers f\u00fchrte zu mehreren Waldbr\u00e4nden im ganzen Land. Insbesondere zwei gro\u00dfe Br\u00e4nde im F\u00f6hrenwald besch\u00e4ftigten im August die Feuerwehren. Die Feuerwehr Kirchberg wurde im Rahmen des Katastrophenhilfsdiensts zweimal in den F\u00f6hrenwald nach St. Egyden&#8230; <a class=\"more-link\" href=\"https:\/\/www.ff-kirchberg-am-wechsel.at\/wordpress\/?p=8002\">Weiterlesen &rarr;<\/a><\/p>\n","protected":false},"author":5,"featured_media":8016,"comment_status":"closed","ping_status":"open","sticky":false,"template":"","format":"standard","meta":{"footnotes":""},"categories":[11,1,10],"tags":[],"class_list":["post-8002","post","type-post","status-publish","format-standard","has-post-thumbnail","hentry","category-aktuelles","category-allgemein","category-einsaetze"],"_links":{"self":[{"href":"https:\/\/www.ff-kirchberg-am-wechsel.at\/wordpress\/index.php?rest_route=\/wp\/v2\/posts\/8002","targetHints":{"allow":["GET"]}}],"collection":[{"href":"https:\/\/www.ff-kirchberg-am-wechsel.at\/wordpress\/index.php?rest_route=\/wp\/v2\/posts"}],"about":[{"href":"https:\/\/www.ff-kirchberg-am-wechsel.at\/wordpress\/index.php?rest_route=\/wp\/v2\/types\/post"}],"author":[{"embeddable":true,"href":"https:\/\/www.ff-kirchberg-am-wechsel.at\/wordpress\/index.php?rest_route=\/wp\/v2\/users\/5"}],"replies":[{"embeddable":true,"href":"https:\/\/www.ff-kirchberg-am-wechsel.at\/wordpress\/index.php?rest_route=%2Fwp%2Fv2%2Fcomments&post=8002"}],"version-history":[{"count":5,"href":"https:\/\/www.ff-kirchberg-am-wechsel.at\/wordpress\/index.php?rest_route=\/wp\/v2\/posts\/8002\/revisions"}],"predecessor-version":[{"id":8030,"href":"https:\/\/www.ff-kirchberg-am-wechsel.at\/wordpress\/index.php?rest_route=\/wp\/v2\/posts\/8002\/revisions\/8030"}],"wp:featuredmedia":[{"embeddable":true,"href":"https:\/\/www.ff-kirchberg-am-wechsel.at\/wordpress\/index.php?rest_route=\/wp\/v2\/media\/8016"}],"wp:attachment":[{"href":"https:\/\/www.ff-kirchberg-am-wechsel.at\/wordpress\/index.php?rest_route=%2Fwp%2Fv2%2Fmedia&parent=8002"}],"wp:term":[{"taxonomy":"category","embeddable":true,"href":"https:\/\/www.ff-kirchberg-am-wechsel.at\/wordpress\/index.php?rest_route=%2Fwp%2Fv2%2Fcategories&post=8002"},{"taxonomy":"post_tag","embeddable":true,"href":"https:\/\/www.ff-kirchberg-am-wechsel.at\/wordpress\/index.php?rest_route=%2Fwp%2Fv2%2Ftags&post=8002"}],"curies":[{"name":"wp","href":"https:\/\/api.w.org\/{rel}","templated":true}]}}