
{"id":7788,"date":"2026-05-03T07:51:13","date_gmt":"2026-05-03T05:51:13","guid":{"rendered":"https:\/\/www.ff-kirchberg-am-wechsel.at\/wordpress\/?p=7788"},"modified":"2026-05-03T08:00:18","modified_gmt":"2026-05-03T06:00:18","slug":"verkehrsunfall-auf-der-au-02-05-2026","status":"publish","type":"post","link":"https:\/\/www.ff-kirchberg-am-wechsel.at\/wordpress\/?p=7788","title":{"rendered":"Verkehrsunfall auf der Au, 02.05.2026"},"content":{"rendered":"\t\t<div data-elementor-type=\"wp-post\" data-elementor-id=\"7788\" class=\"elementor elementor-7788\">\n\t\t\t\t\t\t<section class=\"elementor-section elementor-top-section elementor-element elementor-element-c9cfb7a elementor-section-boxed elementor-section-height-default elementor-section-height-default\" data-id=\"c9cfb7a\" data-element_type=\"section\">\n\t\t\t\t\t\t<div class=\"elementor-container elementor-column-gap-default\">\n\t\t\t\t\t<div class=\"elementor-column elementor-col-100 elementor-top-column elementor-element elementor-element-91e74a6\" data-id=\"91e74a6\" data-element_type=\"column\">\n\t\t\t<div class=\"elementor-widget-wrap elementor-element-populated\">\n\t\t\t\t\t\t<div class=\"elementor-element elementor-element-90edd3f elementor-widget elementor-widget-image-gallery\" data-id=\"90edd3f\" data-element_type=\"widget\" data-widget_type=\"image-gallery.default\">\n\t\t\t\t<div class=\"elementor-widget-container\">\n\t\t\t\t\t<div class=\"elementor-image-gallery\">\n\t\t\t\n\t\t<style type=\"text\/css\">\n\t\t\t#gallery-1 {\n\t\t\t\tmargin: auto;\n\t\t\t}\n\t\t\t#gallery-1 .gallery-item {\n\t\t\t\tfloat: left;\n\t\t\t\tmargin-top: 10px;\n\t\t\t\ttext-align: center;\n\t\t\t\twidth: 25%;\n\t\t\t}\n\t\t\t#gallery-1 img {\n\t\t\t\tborder: 2px solid #cfcfcf;\n\t\t\t}\n\t\t\t#gallery-1 .gallery-caption {\n\t\t\t\tmargin-left: 0;\n\t\t\t}\n\t\t\t\/* see gallery_shortcode() in wp-includes\/media.php *\/\n\t\t<\/style>\n\t\t<div id='gallery-1' class='gallery galleryid-7788 gallery-columns-4 gallery-size-thumbnail'><dl class='gallery-item'>\n\t\t\t<dt class='gallery-icon landscape'>\n\t\t\t\t<a data-elementor-open-lightbox=\"yes\" data-elementor-lightbox-slideshow=\"90edd3f\" data-elementor-lightbox-title=\"vu_au_2026-05-02_01\" data-e-action-hash=\"#elementor-action%3Aaction%3Dlightbox%26settings%3DeyJpZCI6Nzc5MCwidXJsIjoiaHR0cHM6XC9cL3d3dy5mZi1raXJjaGJlcmctYW0td2VjaHNlbC5hdFwvd29yZHByZXNzXC93cC1jb250ZW50XC91cGxvYWRzXC8yMDI2XC8wNVwvdnVfYXVfMjAyNi0wNS0wMl8wMS5qcGciLCJzbGlkZXNob3ciOiI5MGVkZDNmIn0%3D\" href='https:\/\/www.ff-kirchberg-am-wechsel.at\/wordpress\/wp-content\/uploads\/2026\/05\/vu_au_2026-05-02_01.jpg' title=\"\" data-rl_title=\"\" class=\"rl-gallery-link\" data-rl_caption=\"\" data-rel=\"lightbox-gallery-1\"><img width=\"150\" height=\"150\" src=\"https:\/\/www.ff-kirchberg-am-wechsel.at\/wordpress\/wp-content\/uploads\/2026\/05\/vu_au_2026-05-02_01-150x150.jpg\" class=\"attachment-thumbnail size-thumbnail\" alt=\"Verkehrsunfall auf der Au, 02.05.2026\" \/><\/a>\n\t\t\t<\/dt><\/dl><dl class='gallery-item'>\n\t\t\t<dt class='gallery-icon landscape'>\n\t\t\t\t<a data-elementor-open-lightbox=\"yes\" data-elementor-lightbox-slideshow=\"90edd3f\" data-elementor-lightbox-title=\"vu_au_2026-05-02_02\" data-e-action-hash=\"#elementor-action%3Aaction%3Dlightbox%26settings%3DeyJpZCI6Nzc5MSwidXJsIjoiaHR0cHM6XC9cL3d3dy5mZi1raXJjaGJlcmctYW0td2VjaHNlbC5hdFwvd29yZHByZXNzXC93cC1jb250ZW50XC91cGxvYWRzXC8yMDI2XC8wNVwvdnVfYXVfMjAyNi0wNS0wMl8wMi5qcGciLCJzbGlkZXNob3ciOiI5MGVkZDNmIn0%3D\" href='https:\/\/www.ff-kirchberg-am-wechsel.at\/wordpress\/wp-content\/uploads\/2026\/05\/vu_au_2026-05-02_02.jpg' title=\"\" data-rl_title=\"\" class=\"rl-gallery-link\" data-rl_caption=\"\" data-rel=\"lightbox-gallery-1\"><img width=\"150\" height=\"150\" src=\"https:\/\/www.ff-kirchberg-am-wechsel.at\/wordpress\/wp-content\/uploads\/2026\/05\/vu_au_2026-05-02_02-150x150.jpg\" class=\"attachment-thumbnail size-thumbnail\" alt=\"Verkehrsunfall auf der Au, 02.05.2026\" \/><\/a>\n\t\t\t<\/dt><\/dl><dl class='gallery-item'>\n\t\t\t<dt class='gallery-icon landscape'>\n\t\t\t\t<a data-elementor-open-lightbox=\"yes\" data-elementor-lightbox-slideshow=\"90edd3f\" data-elementor-lightbox-title=\"vu_au_2026-05-02_03\" data-e-action-hash=\"#elementor-action%3Aaction%3Dlightbox%26settings%3DeyJpZCI6Nzc5MiwidXJsIjoiaHR0cHM6XC9cL3d3dy5mZi1raXJjaGJlcmctYW0td2VjaHNlbC5hdFwvd29yZHByZXNzXC93cC1jb250ZW50XC91cGxvYWRzXC8yMDI2XC8wNVwvdnVfYXVfMjAyNi0wNS0wMl8wMy5qcGciLCJzbGlkZXNob3ciOiI5MGVkZDNmIn0%3D\" href='https:\/\/www.ff-kirchberg-am-wechsel.at\/wordpress\/wp-content\/uploads\/2026\/05\/vu_au_2026-05-02_03.jpg' title=\"\" data-rl_title=\"\" class=\"rl-gallery-link\" data-rl_caption=\"\" data-rel=\"lightbox-gallery-1\"><img width=\"150\" height=\"150\" src=\"https:\/\/www.ff-kirchberg-am-wechsel.at\/wordpress\/wp-content\/uploads\/2026\/05\/vu_au_2026-05-02_03-150x150.jpg\" class=\"attachment-thumbnail size-thumbnail\" alt=\"Verkehrsunfall auf der Au, 02.05.2026\" \/><\/a>\n\t\t\t<\/dt><\/dl><dl class='gallery-item'>\n\t\t\t<dt class='gallery-icon landscape'>\n\t\t\t\t<a data-elementor-open-lightbox=\"yes\" data-elementor-lightbox-slideshow=\"90edd3f\" data-elementor-lightbox-title=\"vu_au_2026-05-02_04\" data-e-action-hash=\"#elementor-action%3Aaction%3Dlightbox%26settings%3DeyJpZCI6Nzc5MywidXJsIjoiaHR0cHM6XC9cL3d3dy5mZi1raXJjaGJlcmctYW0td2VjaHNlbC5hdFwvd29yZHByZXNzXC93cC1jb250ZW50XC91cGxvYWRzXC8yMDI2XC8wNVwvdnVfYXVfMjAyNi0wNS0wMl8wNC5qcGciLCJzbGlkZXNob3ciOiI5MGVkZDNmIn0%3D\" href='https:\/\/www.ff-kirchberg-am-wechsel.at\/wordpress\/wp-content\/uploads\/2026\/05\/vu_au_2026-05-02_04.jpg' title=\"\" data-rl_title=\"\" class=\"rl-gallery-link\" data-rl_caption=\"\" data-rel=\"lightbox-gallery-1\"><img loading=\"lazy\" width=\"150\" height=\"150\" src=\"https:\/\/www.ff-kirchberg-am-wechsel.at\/wordpress\/wp-content\/uploads\/2026\/05\/vu_au_2026-05-02_04-150x150.jpg\" class=\"attachment-thumbnail size-thumbnail\" alt=\"Verkehrsunfall auf der Au, 02.05.2026\" \/><\/a>\n\t\t\t<\/dt><\/dl><br style=\"clear: both\" \/><dl class='gallery-item'>\n\t\t\t<dt class='gallery-icon portrait'>\n\t\t\t\t<a data-elementor-open-lightbox=\"yes\" data-elementor-lightbox-slideshow=\"90edd3f\" data-elementor-lightbox-title=\"vu_au_2026-05-02_05\" data-e-action-hash=\"#elementor-action%3Aaction%3Dlightbox%26settings%3DeyJpZCI6Nzc5NCwidXJsIjoiaHR0cHM6XC9cL3d3dy5mZi1raXJjaGJlcmctYW0td2VjaHNlbC5hdFwvd29yZHByZXNzXC93cC1jb250ZW50XC91cGxvYWRzXC8yMDI2XC8wNVwvdnVfYXVfMjAyNi0wNS0wMl8wNS1yb3RhdGVkLmpwZyIsInNsaWRlc2hvdyI6IjkwZWRkM2YifQ%3D%3D\" href='https:\/\/www.ff-kirchberg-am-wechsel.at\/wordpress\/wp-content\/uploads\/2026\/05\/vu_au_2026-05-02_05-rotated.jpg' title=\"\" data-rl_title=\"\" class=\"rl-gallery-link\" data-rl_caption=\"\" data-rel=\"lightbox-gallery-1\"><img loading=\"lazy\" width=\"150\" height=\"150\" src=\"https:\/\/www.ff-kirchberg-am-wechsel.at\/wordpress\/wp-content\/uploads\/2026\/05\/vu_au_2026-05-02_05-150x150.jpg\" class=\"attachment-thumbnail size-thumbnail\" alt=\"Verkehrsunfall auf der Au, 02.05.2026\" \/><\/a>\n\t\t\t<\/dt><\/dl><dl class='gallery-item'>\n\t\t\t<dt class='gallery-icon landscape'>\n\t\t\t\t<a data-elementor-open-lightbox=\"yes\" data-elementor-lightbox-slideshow=\"90edd3f\" data-elementor-lightbox-title=\"vu_au_2026-05-02_06\" data-e-action-hash=\"#elementor-action%3Aaction%3Dlightbox%26settings%3DeyJpZCI6Nzc5NSwidXJsIjoiaHR0cHM6XC9cL3d3dy5mZi1raXJjaGJlcmctYW0td2VjaHNlbC5hdFwvd29yZHByZXNzXC93cC1jb250ZW50XC91cGxvYWRzXC8yMDI2XC8wNVwvdnVfYXVfMjAyNi0wNS0wMl8wNi5qcGciLCJzbGlkZXNob3ciOiI5MGVkZDNmIn0%3D\" href='https:\/\/www.ff-kirchberg-am-wechsel.at\/wordpress\/wp-content\/uploads\/2026\/05\/vu_au_2026-05-02_06.jpg' title=\"\" data-rl_title=\"\" class=\"rl-gallery-link\" data-rl_caption=\"\" data-rel=\"lightbox-gallery-1\"><img loading=\"lazy\" width=\"150\" height=\"150\" src=\"https:\/\/www.ff-kirchberg-am-wechsel.at\/wordpress\/wp-content\/uploads\/2026\/05\/vu_au_2026-05-02_06-150x150.jpg\" class=\"attachment-thumbnail size-thumbnail\" alt=\"Verkehrsunfall auf der Au, 02.05.2026\" \/><\/a>\n\t\t\t<\/dt><\/dl><dl class='gallery-item'>\n\t\t\t<dt class='gallery-icon landscape'>\n\t\t\t\t<a data-elementor-open-lightbox=\"yes\" data-elementor-lightbox-slideshow=\"90edd3f\" data-elementor-lightbox-title=\"vu_au_2026-05-02_07\" data-e-action-hash=\"#elementor-action%3Aaction%3Dlightbox%26settings%3DeyJpZCI6Nzc5NiwidXJsIjoiaHR0cHM6XC9cL3d3dy5mZi1raXJjaGJlcmctYW0td2VjaHNlbC5hdFwvd29yZHByZXNzXC93cC1jb250ZW50XC91cGxvYWRzXC8yMDI2XC8wNVwvdnVfYXVfMjAyNi0wNS0wMl8wNy5qcGciLCJzbGlkZXNob3ciOiI5MGVkZDNmIn0%3D\" href='https:\/\/www.ff-kirchberg-am-wechsel.at\/wordpress\/wp-content\/uploads\/2026\/05\/vu_au_2026-05-02_07.jpg' title=\"\" data-rl_title=\"\" class=\"rl-gallery-link\" data-rl_caption=\"\" data-rel=\"lightbox-gallery-1\"><img loading=\"lazy\" width=\"150\" height=\"150\" src=\"https:\/\/www.ff-kirchberg-am-wechsel.at\/wordpress\/wp-content\/uploads\/2026\/05\/vu_au_2026-05-02_07-150x150.jpg\" class=\"attachment-thumbnail size-thumbnail\" alt=\"Verkehrsunfall auf der Au, 02.05.2026\" \/><\/a>\n\t\t\t<\/dt><\/dl><dl class='gallery-item'>\n\t\t\t<dt class='gallery-icon landscape'>\n\t\t\t\t<a data-elementor-open-lightbox=\"yes\" data-elementor-lightbox-slideshow=\"90edd3f\" data-elementor-lightbox-title=\"vu_au_2026-05-02_08\" data-e-action-hash=\"#elementor-action%3Aaction%3Dlightbox%26settings%3DeyJpZCI6Nzc5NywidXJsIjoiaHR0cHM6XC9cL3d3dy5mZi1raXJjaGJlcmctYW0td2VjaHNlbC5hdFwvd29yZHByZXNzXC93cC1jb250ZW50XC91cGxvYWRzXC8yMDI2XC8wNVwvdnVfYXVfMjAyNi0wNS0wMl8wOC5qcGciLCJzbGlkZXNob3ciOiI5MGVkZDNmIn0%3D\" href='https:\/\/www.ff-kirchberg-am-wechsel.at\/wordpress\/wp-content\/uploads\/2026\/05\/vu_au_2026-05-02_08.jpg' title=\"\" data-rl_title=\"\" class=\"rl-gallery-link\" data-rl_caption=\"\" data-rel=\"lightbox-gallery-1\"><img loading=\"lazy\" width=\"150\" height=\"150\" src=\"https:\/\/www.ff-kirchberg-am-wechsel.at\/wordpress\/wp-content\/uploads\/2026\/05\/vu_au_2026-05-02_08-150x150.jpg\" class=\"attachment-thumbnail size-thumbnail\" alt=\"Verkehrsunfall auf der Au, 02.05.2026\" \/><\/a>\n\t\t\t<\/dt><\/dl><br style=\"clear: both\" \/><dl class='gallery-item'>\n\t\t\t<dt class='gallery-icon landscape'>\n\t\t\t\t<a data-elementor-open-lightbox=\"yes\" data-elementor-lightbox-slideshow=\"90edd3f\" data-elementor-lightbox-title=\"vu_au_2026-05-02_09\" data-e-action-hash=\"#elementor-action%3Aaction%3Dlightbox%26settings%3DeyJpZCI6Nzc5OCwidXJsIjoiaHR0cHM6XC9cL3d3dy5mZi1raXJjaGJlcmctYW0td2VjaHNlbC5hdFwvd29yZHByZXNzXC93cC1jb250ZW50XC91cGxvYWRzXC8yMDI2XC8wNVwvdnVfYXVfMjAyNi0wNS0wMl8wOS5qcGciLCJzbGlkZXNob3ciOiI5MGVkZDNmIn0%3D\" href='https:\/\/www.ff-kirchberg-am-wechsel.at\/wordpress\/wp-content\/uploads\/2026\/05\/vu_au_2026-05-02_09.jpg' title=\"\" data-rl_title=\"\" class=\"rl-gallery-link\" data-rl_caption=\"\" data-rel=\"lightbox-gallery-1\"><img loading=\"lazy\" width=\"150\" height=\"150\" src=\"https:\/\/www.ff-kirchberg-am-wechsel.at\/wordpress\/wp-content\/uploads\/2026\/05\/vu_au_2026-05-02_09-150x150.jpg\" class=\"attachment-thumbnail size-thumbnail\" alt=\"Verkehrsunfall auf der Au, 02.05.2026\" \/><\/a>\n\t\t\t<\/dt><\/dl>\n\t\t\t<br style='clear: both' \/>\n\t\t<\/div>\n\t\t<\/div>\n\t\t\t\t<\/div>\n\t\t\t\t<\/div>\n\t\t\t\t<div class=\"elementor-element elementor-element-4368d38 elementor-widget elementor-widget-spacer\" data-id=\"4368d38\" data-element_type=\"widget\" data-widget_type=\"spacer.default\">\n\t\t\t\t<div class=\"elementor-widget-container\">\n\t\t\t\t\t<div class=\"elementor-spacer\">\n\t\t\t<div class=\"elementor-spacer-inner\"><\/div>\n\t\t<\/div>\n\t\t\t\t<\/div>\n\t\t\t\t<\/div>\n\t\t\t\t<div class=\"elementor-element elementor-element-6cebb41 elementor-widget elementor-widget-text-editor\" data-id=\"6cebb41\" data-element_type=\"widget\" data-widget_type=\"text-editor.default\">\n\t\t\t\t<div class=\"elementor-widget-container\">\n\t\t\t\t\t\t\t<p>In der Nacht von Samstag auf Sonntag wurde die FF Kirchberg am Wechsel zu einem Verkehrsunfall gerufen. Bereits bei der Alarmierung wurde angegeben, dass es sich um einen Frontalzusammensto\u00df zweier PKW handelt und es keine verletzten Personen gibt.<\/p><p>Die FF r\u00fcckte um 21:30 Uhr zum Unfallort auf der L134, im Bereich der Bethlehem-Br\u00fccke aus. Der erste PKW stand bereits rund hundert Meter vor der Br\u00fccke auf der Stra\u00dfe und war schwer demoliert. Der zweite PKW befand sich am Platz vor der Ramergrabenbr\u00fccke bei der F\u00e4kalien\u00fcbernahmestation. Auch dieser war ein Totalschaden. S\u00e4mtliche Airbags l\u00f6sten aus und beiden Fahrern ist zum Gl\u00fcck nichts passiert.<\/p><p>Nach der Unfallaufnahme durch die Polizei wurden die beiden Unfallfahrzeuge mit dem Lader eines benachbarten Landwirts zur Seite gestellt und die Stra\u00dfe ger\u00e4umt.<\/p><p>Die FF Kirchberg war mit zwei Fahrzeugen und 14 Mann im Einsatz, nach genau einer Stunde konnte der Einsatz beendet werden.<\/p>\t\t\t\t\t\t<\/div>\n\t\t\t\t<\/div>\n\t\t\t\t\t<\/div>\n\t\t<\/div>\n\t\t\t\t\t<\/div>\n\t\t<\/section>\n\t\t\t\t<\/div>\n\t\t","protected":false},"excerpt":{"rendered":"<p>In der Nacht von Samstag auf Sonntag wurde die FF Kirchberg am Wechsel zu einem Verkehrsunfall gerufen. Bereits bei der Alarmierung wurde angegeben, dass es sich um einen Frontalzusammensto\u00df zweier PKW handelt und es keine verletzten Personen gibt. Die FF&#8230; <a class=\"more-link\" href=\"https:\/\/www.ff-kirchberg-am-wechsel.at\/wordpress\/?p=7788\">Weiterlesen &rarr;<\/a><\/p>\n","protected":false},"author":5,"featured_media":7793,"comment_status":"closed","ping_status":"open","sticky":false,"template":"","format":"standard","meta":[],"categories":[11,1,10],"tags":[],"_links":{"self":[{"href":"https:\/\/www.ff-kirchberg-am-wechsel.at\/wordpress\/index.php?rest_route=\/wp\/v2\/posts\/7788"}],"collection":[{"href":"https:\/\/www.ff-kirchberg-am-wechsel.at\/wordpress\/index.php?rest_route=\/wp\/v2\/posts"}],"about":[{"href":"https:\/\/www.ff-kirchberg-am-wechsel.at\/wordpress\/index.php?rest_route=\/wp\/v2\/types\/post"}],"author":[{"embeddable":true,"href":"https:\/\/www.ff-kirchberg-am-wechsel.at\/wordpress\/index.php?rest_route=\/wp\/v2\/users\/5"}],"replies":[{"embeddable":true,"href":"https:\/\/www.ff-kirchberg-am-wechsel.at\/wordpress\/index.php?rest_route=%2Fwp%2Fv2%2Fcomments&post=7788"}],"version-history":[{"count":5,"href":"https:\/\/www.ff-kirchberg-am-wechsel.at\/wordpress\/index.php?rest_route=\/wp\/v2\/posts\/7788\/revisions"}],"predecessor-version":[{"id":7802,"href":"https:\/\/www.ff-kirchberg-am-wechsel.at\/wordpress\/index.php?rest_route=\/wp\/v2\/posts\/7788\/revisions\/7802"}],"wp:featuredmedia":[{"embeddable":true,"href":"https:\/\/www.ff-kirchberg-am-wechsel.at\/wordpress\/index.php?rest_route=\/wp\/v2\/media\/7793"}],"wp:attachment":[{"href":"https:\/\/www.ff-kirchberg-am-wechsel.at\/wordpress\/index.php?rest_route=%2Fwp%2Fv2%2Fmedia&parent=7788"}],"wp:term":[{"taxonomy":"category","embeddable":true,"href":"https:\/\/www.ff-kirchberg-am-wechsel.at\/wordpress\/index.php?rest_route=%2Fwp%2Fv2%2Fcategories&post=7788"},{"taxonomy":"post_tag","embeddable":true,"href":"https:\/\/www.ff-kirchberg-am-wechsel.at\/wordpress\/index.php?rest_route=%2Fwp%2Fv2%2Ftags&post=7788"}],"curies":[{"name":"wp","href":"https:\/\/api.w.org\/{rel}","templated":true}]}}