
{"id":662,"date":"2018-12-31T00:10:33","date_gmt":"2018-12-30T23:10:33","guid":{"rendered":"http:\/\/www.ff-kirchberg-am-wechsel.at\/wordpress\/?p=662"},"modified":"2021-03-07T12:15:45","modified_gmt":"2021-03-07T11:15:45","slug":"die-mannschaft-im-lauf-der-zeit","status":"publish","type":"post","link":"https:\/\/www.ff-kirchberg-am-wechsel.at\/wordpress\/?p=662","title":{"rendered":"Die Mannschaft 1993-2018"},"content":{"rendered":"\t\t<div data-elementor-type=\"wp-post\" data-elementor-id=\"662\" class=\"elementor elementor-662\">\n\t\t\t\t\t\t<section class=\"elementor-section elementor-top-section elementor-element elementor-element-e5472b0 elementor-section-boxed elementor-section-height-default elementor-section-height-default\" data-id=\"e5472b0\" data-element_type=\"section\">\n\t\t\t\t\t\t<div class=\"elementor-container elementor-column-gap-default\">\n\t\t\t\t\t<div class=\"elementor-column elementor-col-100 elementor-top-column elementor-element elementor-element-4d77dd8\" data-id=\"4d77dd8\" data-element_type=\"column\">\n\t\t\t<div class=\"elementor-widget-wrap elementor-element-populated\">\n\t\t\t\t\t\t<div class=\"elementor-element elementor-element-423f746 elementor-widget elementor-widget-heading\" data-id=\"423f746\" data-element_type=\"widget\" data-widget_type=\"heading.default\">\n\t\t\t\t<div class=\"elementor-widget-container\">\n\t\t\t<h5 class=\"elementor-heading-title elementor-size-default\">Mannschaftsfoto 2018<\/h5>\t\t<\/div>\n\t\t\t\t<\/div>\n\t\t\t\t\t<\/div>\n\t\t<\/div>\n\t\t\t\t\t<\/div>\n\t\t<\/section>\n\t\t\t\t<section class=\"elementor-section elementor-top-section elementor-element elementor-element-fe48864 elementor-section-boxed elementor-section-height-default elementor-section-height-default\" data-id=\"fe48864\" data-element_type=\"section\">\n\t\t\t\t\t\t<div class=\"elementor-container elementor-column-gap-default\">\n\t\t\t\t\t<div class=\"elementor-column elementor-col-100 elementor-top-column elementor-element elementor-element-d734408\" data-id=\"d734408\" data-element_type=\"column\">\n\t\t\t<div class=\"elementor-widget-wrap elementor-element-populated\">\n\t\t\t\t\t\t<div class=\"elementor-element elementor-element-aa6fa50 elementor-position-top elementor-widget elementor-widget-image-box\" data-id=\"aa6fa50\" data-element_type=\"widget\" data-widget_type=\"image-box.default\">\n\t\t\t\t<div class=\"elementor-widget-container\">\n\t\t\t<div class=\"elementor-image-box-wrapper\"><figure class=\"elementor-image-box-img\"><img fetchpriority=\"high\" width=\"1366\" height=\"966\" src=\"https:\/\/www.ff-kirchberg-am-wechsel.at\/wordpress\/wp-content\/uploads\/2019\/06\/FF_Kirchberg_2018_72dpi.jpg\" class=\"attachment-full size-full wp-image-1004\" alt=\"FF Kirchberg am Wechsel 2018\" srcset=\"https:\/\/www.ff-kirchberg-am-wechsel.at\/wordpress\/wp-content\/uploads\/2019\/06\/FF_Kirchberg_2018_72dpi.jpg 1366w, https:\/\/www.ff-kirchberg-am-wechsel.at\/wordpress\/wp-content\/uploads\/2019\/06\/FF_Kirchberg_2018_72dpi-300x212.jpg 300w, https:\/\/www.ff-kirchberg-am-wechsel.at\/wordpress\/wp-content\/uploads\/2019\/06\/FF_Kirchberg_2018_72dpi-768x543.jpg 768w, https:\/\/www.ff-kirchberg-am-wechsel.at\/wordpress\/wp-content\/uploads\/2019\/06\/FF_Kirchberg_2018_72dpi-1024x724.jpg 1024w, https:\/\/www.ff-kirchberg-am-wechsel.at\/wordpress\/wp-content\/uploads\/2019\/06\/FF_Kirchberg_2018_72dpi-945x668.jpg 945w, https:\/\/www.ff-kirchberg-am-wechsel.at\/wordpress\/wp-content\/uploads\/2019\/06\/FF_Kirchberg_2018_72dpi-600x424.jpg 600w\" sizes=\"(max-width: 1366px) 100vw, 1366px\" \/><\/figure><div class=\"elementor-image-box-content\"><p class=\"elementor-image-box-description\">5. Reihe v.l.n.r.: EHBM Karl Fahrner, OLM Manfred Jansohn, HFM Franz Gansterer jun., EOV Leopold Schwarz, HFM Thomas Kronaus, FA Dr. Norbert Bauer, HFM Josef Kronaus, HFM Friedrich Angerler<br><br>\n4. Reihe v.l.n.r.: JFM Alexander Baumgartner, OFM Manuel Angerler, OFM Franziska Kapfenberger, HFM Peter R\u00f6\u00dfler, OFM Matthias Loidl, OFM Christoph Kapfenberger, HFM Peter Pichler jun., OFM Roman Spreitzgrabner, LM Matthias Fuchs, HFM Wolfgang Schuh, LM Martin Kapfenberger, OLM Harald Hollendohner, HFM Christian St\u00f6gerer, HFM Werner Fahrner, EHLM Franz Burger, HFM Herbert Embst, HFM Martin Kernegger<br><br>\n3. Reihe v.l.n.r.: JFM Simon Kronaus, JFM David Jansohn, JFM Julian Varga, HFM Kurt Gansterer, BM Ernst Jansohn, FM Stefan Z\u00fcttl, HFM Martin Wei\u00dfenb\u00f6ck, FM Dominik Wiedner, FM Daniel Waidhofer, OFM Dr. Georg Edler, OFM Mario Imann, SB Daniela Imann, FM Wolfgang Tauchner, FM Mathias Fuchs, PFM Wolfgang Deimel, HFM Christian Gansterer, HFM Bernhard Scherz, HFM Wolfgang Jansohn, OFM Florian Morgenbesser<br><br>\n2. Reihe v.l.n.r.: JFM Raoul Baumgartner, JFM Frederik Stangl, SB Stefan Jansohn, SB Katrin Berger, HFM Peter Spies, HFM Peter Pichler sen., ELM Anton Kernegger sen., HFM Anton Kernegger jun., HFM Manfred Obermoser, HLM Rudolf Jansohn, HFM Josef Embst, EHLM Edmund Tauchner, EHLM Mathias Fuchs, EHBM Franz Gansterer sen., HFM Franz Stangl, OLM Christoph Weninger<br><br>\n1. Reihe v.l.n.r.: JFM Alexander Wimmer, EOV Bernhard List, EOBI Johann Spies, EHBI Erich Galczinsky, EHBI Franz Steininger, Bgm. Dr. Willibald Fuchs, ABI Michael Morgenbesser, OBI Markus Tauchner, OV Markus St\u00f6gerer, V Christian Z\u00fcttl, VM Michael Krenn, FKUR Mag. Herbert Morgenbesser, HBM Richard Osterbauer, HBM Wolfgang Z\u00fcttl, HLM Michael Spies\n<br><br>\nNicht am Bild: HFM Christan Bauer, HFM Siegfried Braun, HFM Martin Gansterer, OFM Florian Kapfenberger, HFM Peter Kernegger, HFM Christian Krenn, OFM David List, HFM Markus Ressler, HFM Gerhard Schmahel, HFM Gerhard Piringer, HFM Albin Tonner, JFM Yvonne Gr\u00e4f, JFM Michelle Renhofer\u2003<\/p><\/div><\/div>\t\t<\/div>\n\t\t\t\t<\/div>\n\t\t\t\t<div class=\"elementor-element elementor-element-955671b elementor-widget elementor-widget-spacer\" data-id=\"955671b\" data-element_type=\"widget\" data-widget_type=\"spacer.default\">\n\t\t\t\t<div class=\"elementor-widget-container\">\n\t\t\t\t\t<div class=\"elementor-spacer\">\n\t\t\t<div class=\"elementor-spacer-inner\"><\/div>\n\t\t<\/div>\n\t\t\t\t<\/div>\n\t\t\t\t<\/div>\n\t\t\t\t<div class=\"elementor-element elementor-element-568c442 elementor-widget elementor-widget-heading\" data-id=\"568c442\" data-element_type=\"widget\" data-widget_type=\"heading.default\">\n\t\t\t\t<div class=\"elementor-widget-container\">\n\t\t\t<h5 class=\"elementor-heading-title elementor-size-default\">Mannschaftsfoto 2013<\/h5>\t\t<\/div>\n\t\t\t\t<\/div>\n\t\t\t\t<div class=\"elementor-element elementor-element-49c6471 elementor-position-top elementor-widget elementor-widget-image-box\" data-id=\"49c6471\" data-element_type=\"widget\" data-widget_type=\"image-box.default\">\n\t\t\t\t<div class=\"elementor-widget-container\">\n\t\t\t<div class=\"elementor-image-box-wrapper\"><figure class=\"elementor-image-box-img\"><img width=\"1366\" height=\"966\" src=\"https:\/\/www.ff-kirchberg-am-wechsel.at\/wordpress\/wp-content\/uploads\/2019\/06\/FF_Kirchberg_2013_72dpi.jpg\" class=\"attachment-full size-full wp-image-1003\" alt=\"FF Kirchberg am Wechsel 2013\" srcset=\"https:\/\/www.ff-kirchberg-am-wechsel.at\/wordpress\/wp-content\/uploads\/2019\/06\/FF_Kirchberg_2013_72dpi.jpg 1366w, https:\/\/www.ff-kirchberg-am-wechsel.at\/wordpress\/wp-content\/uploads\/2019\/06\/FF_Kirchberg_2013_72dpi-300x212.jpg 300w, https:\/\/www.ff-kirchberg-am-wechsel.at\/wordpress\/wp-content\/uploads\/2019\/06\/FF_Kirchberg_2013_72dpi-768x543.jpg 768w, https:\/\/www.ff-kirchberg-am-wechsel.at\/wordpress\/wp-content\/uploads\/2019\/06\/FF_Kirchberg_2013_72dpi-1024x724.jpg 1024w, https:\/\/www.ff-kirchberg-am-wechsel.at\/wordpress\/wp-content\/uploads\/2019\/06\/FF_Kirchberg_2013_72dpi-945x668.jpg 945w, https:\/\/www.ff-kirchberg-am-wechsel.at\/wordpress\/wp-content\/uploads\/2019\/06\/FF_Kirchberg_2013_72dpi-600x424.jpg 600w\" sizes=\"(max-width: 1366px) 100vw, 1366px\" \/><\/figure><div class=\"elementor-image-box-content\"><p class=\"elementor-image-box-description\">F\u00e4hnriche v.l.n.r.: HBM Richard Osterbauer, HBM Wolfgang Z\u00fcttl, OLM Michael Spies<br><br>\n6. Reihe v.l.n.r.: HFM Wolfgang Jansohn, OFM Peter Spies, OLM Harald Hollendohner, OFM Martin Gansterer, FM Christoph Kapfenberger, FM Matthias Loidl, FM Mario Imann, FM Florian Morgenbesser, OFM Christian Gansterer<br><br>\n5. Reihe v.l.n.r.: FM Katrin Berger, LM Markus Tauchner, FM Dr. Georg Edler, HFM Markus Ressler, HFM Martin Kernegger, OFM Michael Krenn, HFM Wolfgang Schuh, OFM Martin Wei\u00dfenb\u00f6ck, HFM Thomas Kronaus<br><br>\n4. Reihe v.l.n.r.: HFM Bernhard Scherz, OFM Martin Kapfenberger, OFM Daniela Imann, FM Franziska Kapfenberger, HFM Franz Gansterer jun., HFM Peter Pichler sen., HFM Heinz K\u00f6ck, FM Stefan Jansohn, HFM Christian Krenn, HFM Peter R\u00f6\u00dfler, FM Manuel Angerler<br><br>\n3. Reihe v.l.n.r.: EHLM Franz Burger, HFM Friedrich Angerler, EHLM Edmund Tauchner, HFM Werner Fahrner, LM Manfred Jansohn, HLM Rudolf Jansohn, HFM Herbert Embst, BM Ernst Jansohn, HFM Josef Kronaus<br><br>\n2. Reihe v.l.n.r.: HFM Manfred Obermoser, HFM Kurt Gansterer, HFM Matthias Fuchs, EHLM Mathias Fuchs, PFM Mathias Fuchs, EHBM Karl Fahrner, V Christian Z\u00fcttl, VM Markus St\u00f6gerer, LM Christoph Weninger, HFM Christian St\u00f6gerer<br><br>\n1. Reihe v.l.n.r.: EHLM Wolfgang List, HFM Michael Weninger, ELM Anton Kernegger sen., EHBM Franz Gansterer sen., EHBI Erich Galczinsky, EHBI Franz Steininger, Bgm. Dr. Willibald Fuchs, HBI Michael Morgenbesser, OBI Johann Spies, OV Leopold Schwarz, EOV Bernhard List, EHBM Matthias Bauer, HFM Josef Wei\u00dfenb\u00f6ck<\/p><\/div><\/div>\t\t<\/div>\n\t\t\t\t<\/div>\n\t\t\t\t<div class=\"elementor-element elementor-element-130b121 elementor-widget elementor-widget-spacer\" data-id=\"130b121\" data-element_type=\"widget\" data-widget_type=\"spacer.default\">\n\t\t\t\t<div class=\"elementor-widget-container\">\n\t\t\t\t\t<div class=\"elementor-spacer\">\n\t\t\t<div class=\"elementor-spacer-inner\"><\/div>\n\t\t<\/div>\n\t\t\t\t<\/div>\n\t\t\t\t<\/div>\n\t\t\t\t<div class=\"elementor-element elementor-element-d9db3b8 elementor-widget elementor-widget-heading\" data-id=\"d9db3b8\" data-element_type=\"widget\" data-widget_type=\"heading.default\">\n\t\t\t\t<div class=\"elementor-widget-container\">\n\t\t\t<h5 class=\"elementor-heading-title elementor-size-default\">Mannschaftsfoto 2008<\/h5>\t\t<\/div>\n\t\t\t\t<\/div>\n\t\t\t\t<div class=\"elementor-element elementor-element-0b35ce3 elementor-position-top elementor-widget elementor-widget-image-box\" data-id=\"0b35ce3\" data-element_type=\"widget\" data-widget_type=\"image-box.default\">\n\t\t\t\t<div class=\"elementor-widget-container\">\n\t\t\t<div class=\"elementor-image-box-wrapper\"><figure class=\"elementor-image-box-img\"><img width=\"842\" height=\"595\" src=\"https:\/\/www.ff-kirchberg-am-wechsel.at\/wordpress\/wp-content\/uploads\/2019\/06\/FF_Kirchberg_2008_72dpi.jpg\" class=\"attachment-full size-full wp-image-1002\" alt=\"FF Kirchberg am Wechsel 2008\" srcset=\"https:\/\/www.ff-kirchberg-am-wechsel.at\/wordpress\/wp-content\/uploads\/2019\/06\/FF_Kirchberg_2008_72dpi.jpg 842w, https:\/\/www.ff-kirchberg-am-wechsel.at\/wordpress\/wp-content\/uploads\/2019\/06\/FF_Kirchberg_2008_72dpi-300x212.jpg 300w, https:\/\/www.ff-kirchberg-am-wechsel.at\/wordpress\/wp-content\/uploads\/2019\/06\/FF_Kirchberg_2008_72dpi-768x543.jpg 768w, https:\/\/www.ff-kirchberg-am-wechsel.at\/wordpress\/wp-content\/uploads\/2019\/06\/FF_Kirchberg_2008_72dpi-600x424.jpg 600w\" sizes=\"(max-width: 842px) 100vw, 842px\" \/><\/figure><div class=\"elementor-image-box-content\"><p class=\"elementor-image-box-description\">6. Reihe v.l.n.r.: EHBM Karl Fahrner, OFM Martin Jagschitz, HFM Gerhard Schmahel, HFM Matthias Fuchs, HFM Werner Fahrner, FM Michael Krenn, PFM Matthias Loidl, HFM Peter Kernegger, HFM Markus Ressler, HFM Heinz K\u00f6ck<br><br>\n5. Reihe v.l.n.r.: HFM Christoph Weninger, HFM Bernhard Scherz, HLM Gerhard Braun, HFM Martin Kernegger, HFM Franz Stangl, FM Martin Kapfenberger, HFM Christian Bauer, FM Martin Gansterer, FM Martin Wei\u00dfenb\u00f6ck, PFM Manuel Angerler, OFM Wolfgang Jansohn<br><br>\n4. Reihe v.l.n.r.: HFM Kurt St\u00f6gerer, HFM Herbert Embst, ELM Anton Kernegger sen., HFM Friedrich Angerler, HFM Manfred Jansohn, HFM Kurt Gansterer, FM Bernd R\u00f6\u00dfler, PFM Christoph Kapfenberger, PFM Florian Morgenbesser, HFM Josef Riegler<br><br>\n3. Reihe v.l.n.r.: HFM Josef Embst, HFM Peter Pichler sen., HFM Josef Kronaus, OFM Markus St\u00f6gerer, LM Michael Spies, OFM Harald Hollendohner, FM Peter Pichler jun., FM Christian Gansterer, OLM Rudolf Jansohn, OBM Wolfgang Z\u00fcttl<br><br>\n2. Reihe v.l.n.r.: HFM Manfred Obermoser, EHLM Wolfgang List, EHLM Mathias Fuchs, EHBM Franz Gansterer sen., EHBM Hermann Ehrenh\u00f6fer, HFM Peter R\u00f6\u00dfler, EHLM Franz Burger, HFM Anton Kernegger jun., HFM Michael Weninger, HFM Heinrich Weninger, OBM Richard Osterbauer, BM Ernst Jansohn<br><br>\n1. Reihe v.l.n.r.: EOV Bernhard List, EBI Anton Wolf, EHBI Franz Steininger, EHBI Erich Galczinsky, Bgm. Dr. Willibald Fuchs, HBI Michael Morgenbesser, OBI Johann Spies, OV Leopold Schwarz, V Christian Z\u00fcttl, HFM Josef Wei\u00dfenb\u00f6ck<\/p><\/div><\/div>\t\t<\/div>\n\t\t\t\t<\/div>\n\t\t\t\t<div class=\"elementor-element elementor-element-f1ab8d3 elementor-widget elementor-widget-spacer\" data-id=\"f1ab8d3\" data-element_type=\"widget\" data-widget_type=\"spacer.default\">\n\t\t\t\t<div class=\"elementor-widget-container\">\n\t\t\t\t\t<div class=\"elementor-spacer\">\n\t\t\t<div class=\"elementor-spacer-inner\"><\/div>\n\t\t<\/div>\n\t\t\t\t<\/div>\n\t\t\t\t<\/div>\n\t\t\t\t<div class=\"elementor-element elementor-element-7178190 elementor-widget elementor-widget-heading\" data-id=\"7178190\" data-element_type=\"widget\" data-widget_type=\"heading.default\">\n\t\t\t\t<div class=\"elementor-widget-container\">\n\t\t\t<h5 class=\"elementor-heading-title elementor-size-default\">Mannschaftsfoto 1998<\/h5>\t\t<\/div>\n\t\t\t\t<\/div>\n\t\t\t\t<div class=\"elementor-element elementor-element-02e1cfc elementor-position-top elementor-widget elementor-widget-image-box\" data-id=\"02e1cfc\" data-element_type=\"widget\" data-widget_type=\"image-box.default\">\n\t\t\t\t<div class=\"elementor-widget-container\">\n\t\t\t<div class=\"elementor-image-box-wrapper\"><figure class=\"elementor-image-box-img\"><img loading=\"lazy\" width=\"4400\" height=\"3039\" src=\"https:\/\/www.ff-kirchberg-am-wechsel.at\/wordpress\/wp-content\/uploads\/2019\/05\/FF_Kirchberg_1998.jpg\" class=\"attachment-full size-full wp-image-666\" alt=\"FF Kirchberg am Wechsel 1998\" srcset=\"https:\/\/www.ff-kirchberg-am-wechsel.at\/wordpress\/wp-content\/uploads\/2019\/05\/FF_Kirchberg_1998.jpg 4400w, https:\/\/www.ff-kirchberg-am-wechsel.at\/wordpress\/wp-content\/uploads\/2019\/05\/FF_Kirchberg_1998-300x207.jpg 300w, https:\/\/www.ff-kirchberg-am-wechsel.at\/wordpress\/wp-content\/uploads\/2019\/05\/FF_Kirchberg_1998-768x530.jpg 768w, https:\/\/www.ff-kirchberg-am-wechsel.at\/wordpress\/wp-content\/uploads\/2019\/05\/FF_Kirchberg_1998-1024x707.jpg 1024w, https:\/\/www.ff-kirchberg-am-wechsel.at\/wordpress\/wp-content\/uploads\/2019\/05\/FF_Kirchberg_1998-945x653.jpg 945w, https:\/\/www.ff-kirchberg-am-wechsel.at\/wordpress\/wp-content\/uploads\/2019\/05\/FF_Kirchberg_1998-600x414.jpg 600w\" sizes=\"(max-width: 4400px) 100vw, 4400px\" \/><\/figure><div class=\"elementor-image-box-content\"><p class=\"elementor-image-box-description\">6. Reihe v.l.n.r.: OFM Christian St\u00f6gerer, FM Thomas Embst, OFM Matthias Fuchs, HFM Peter R\u00f6\u00dfler<br><br>\n5. Reihe v.l.n.r.: OLM Edmund Tauchner, HFM Josef Embst, OFM Peter Kernegger, OFM Thomas Kronaus, PFM Christian Fischer, FM Alexander Bauer, OLM Gerhard Braun, PFM Manuel Schmid, HFM Dieter Zenz, OFM Bernhard Scherz, FM Manfred Jansohn, PFM Wolfgang Jansohn<br><br>\n4. Reihe v.l.n.r.: HFM Josef Kronaus, HFM Heinz K\u00f6ck, HFM Karl Steiner, OFM Werner Fahrner, OFM Kurt St\u00f6gerer, OFM Friedrich Angerler, OFM Gerhard Schmahel, OFM Markus Ressler, FM Martin Jagschitz, PFM Andreas Embst, FM Roman Hatzl, FM J\u00fcrgen Hollendohner, HFM Anton Kernegger sen.<br><br>\n3. Reihe v.l.n.r.: OLM Rudolf Jansohn, OFM Siegfried Braun, HFM Peter Pichler, OLM Franz Burger jun., HFM Franz Gansterer jun., OFM Kurt Gansterer, LM Wolfgang Z\u00fcttl, LM Richard Osterbauer, HFM Ernst Bauer, HFM Franz Stangl, HFM Anton Kernegger jun., HFM Josef Bauer<br><br>\n2. Reihe v.l.n.r.: OLM Mathias Fuchs, EHLM Johann Ditz, LM Ernst Wagner, EHBM Leopold Ehrenh\u00f6fer, EHBM Erich Galczinsky sen., EHLM Wolfgang List, ELM Otto Huemann, HFM Josef Riegler, HFM Manfred Obermoser, HFM Willi Osterbauer, ELM Hans Mitter, EHBM Matthias Bauer, OBM Karl Fahrner, EHBM Hermann Ehrenh\u00f6fer, OBM Franz Gansterer sen.<br><br>\n1. Reihe v.l.n.r.: EOV Bernhard List, EBI Anton Wolf, EHBI Franz Steininger, EBR Franz Burger sen., Bgm. Leopold Hecher, HBI Erich Galczinsky jun., OBI Johann Spies, OV Leopold Schwarz, FA Dr. Norbert Bauer, V Christian Z\u00fcttl, HFM Josef Wei\u00dfenb\u00f6ck<\/p><\/div><\/div>\t\t<\/div>\n\t\t\t\t<\/div>\n\t\t\t\t<div class=\"elementor-element elementor-element-a77f72a elementor-widget elementor-widget-spacer\" data-id=\"a77f72a\" data-element_type=\"widget\" data-widget_type=\"spacer.default\">\n\t\t\t\t<div class=\"elementor-widget-container\">\n\t\t\t\t\t<div class=\"elementor-spacer\">\n\t\t\t<div class=\"elementor-spacer-inner\"><\/div>\n\t\t<\/div>\n\t\t\t\t<\/div>\n\t\t\t\t<\/div>\n\t\t\t\t<div class=\"elementor-element elementor-element-204f391 elementor-widget elementor-widget-heading\" data-id=\"204f391\" data-element_type=\"widget\" data-widget_type=\"heading.default\">\n\t\t\t\t<div class=\"elementor-widget-container\">\n\t\t\t<h5 class=\"elementor-heading-title elementor-size-default\">Mannschaftsfoto 1993<\/h5>\t\t<\/div>\n\t\t\t\t<\/div>\n\t\t\t\t<div class=\"elementor-element elementor-element-d8cf462 elementor-position-top elementor-widget elementor-widget-image-box\" data-id=\"d8cf462\" data-element_type=\"widget\" data-widget_type=\"image-box.default\">\n\t\t\t\t<div class=\"elementor-widget-container\">\n\t\t\t<div class=\"elementor-image-box-wrapper\"><figure class=\"elementor-image-box-img\"><img loading=\"lazy\" width=\"3824\" height=\"2716\" src=\"https:\/\/www.ff-kirchberg-am-wechsel.at\/wordpress\/wp-content\/uploads\/2019\/05\/FF_Kirchberg_1993.jpg\" class=\"attachment-full size-full wp-image-665\" alt=\"FF Kirchberg am Wechsel 1993\" srcset=\"https:\/\/www.ff-kirchberg-am-wechsel.at\/wordpress\/wp-content\/uploads\/2019\/05\/FF_Kirchberg_1993.jpg 3824w, https:\/\/www.ff-kirchberg-am-wechsel.at\/wordpress\/wp-content\/uploads\/2019\/05\/FF_Kirchberg_1993-300x213.jpg 300w, https:\/\/www.ff-kirchberg-am-wechsel.at\/wordpress\/wp-content\/uploads\/2019\/05\/FF_Kirchberg_1993-768x545.jpg 768w, https:\/\/www.ff-kirchberg-am-wechsel.at\/wordpress\/wp-content\/uploads\/2019\/05\/FF_Kirchberg_1993-1024x727.jpg 1024w, https:\/\/www.ff-kirchberg-am-wechsel.at\/wordpress\/wp-content\/uploads\/2019\/05\/FF_Kirchberg_1993-945x671.jpg 945w, https:\/\/www.ff-kirchberg-am-wechsel.at\/wordpress\/wp-content\/uploads\/2019\/05\/FF_Kirchberg_1993-600x426.jpg 600w\" sizes=\"(max-width: 3824px) 100vw, 3824px\" \/><\/figure><div class=\"elementor-image-box-content\"><p class=\"elementor-image-box-description\">4. Reihe v.l.n.r.: Gansterer Kurt, Leopold Johannes, Gansterer Franz jun., Capek Rafael, Fahrner Werner, Schmahel Gerhard, Braun Siegfried, Angerler Friedrich, Kronaus Thomas, Kernegger Anton jun., Stangl Franz, Kernegger Martin<br><br>\n3. Reihe v.l.n.r.: Kernegger Anton sen., Braun Gerhard, Jansohn Rudolf, Weninger Christoph, Scherz Bernhard, Z\u00fcttl Christian, Embst Josef, Osterbauer Richard, Z\u00fcttl Wolfgang, Ganster Martin, Hofer Franz, Steiner Karl<br><br>\n2. Reihe v.l.n.r.: Ehrenh\u00f6fer Franz, Fuchs Mathias, Burger Franz jun., Tauchner Edmund, Bauer Matthias, List Wolfgang, Huemann Otto, Weninger Heinrich, Bauer Ernst, Wagner Ernst, Bauer Christian, Kernegger Peter, Gruber Josef, Gansterer Franz sen., Ehrenh\u00f6fer Hermann, Fahrner Karl<br><br>\n1. Reihe v.l.n.r.: Mitter Johann, Kirner Franz, Ditz Johann, Wolf Anton, Schwarz Leopold, List Bernhard, Bgm. Hecher Leopold, Steininger Franz, Galczinsky Erich jun., Burger Franz sen., Ehrenh\u00f6fer Leopold, Galczinsky Erich sen., Brettenthaler Josef, Wei\u00dfenb\u00f6ck Josef <\/p><\/div><\/div>\t\t<\/div>\n\t\t\t\t<\/div>\n\t\t\t\t<div class=\"elementor-element elementor-element-e5a98fd elementor-widget elementor-widget-spacer\" data-id=\"e5a98fd\" data-element_type=\"widget\" data-widget_type=\"spacer.default\">\n\t\t\t\t<div class=\"elementor-widget-container\">\n\t\t\t\t\t<div class=\"elementor-spacer\">\n\t\t\t<div class=\"elementor-spacer-inner\"><\/div>\n\t\t<\/div>\n\t\t\t\t<\/div>\n\t\t\t\t<\/div>\n\t\t\t\t<div class=\"elementor-element elementor-element-01fad11 elementor-widget elementor-widget-spacer\" data-id=\"01fad11\" data-element_type=\"widget\" data-widget_type=\"spacer.default\">\n\t\t\t\t<div class=\"elementor-widget-container\">\n\t\t\t\t\t<div class=\"elementor-spacer\">\n\t\t\t<div class=\"elementor-spacer-inner\"><\/div>\n\t\t<\/div>\n\t\t\t\t<\/div>\n\t\t\t\t<\/div>\n\t\t\t\t\t<\/div>\n\t\t<\/div>\n\t\t\t\t\t<\/div>\n\t\t<\/section>\n\t\t\t\t<section class=\"elementor-section elementor-top-section elementor-element elementor-element-fc168bd elementor-section-boxed elementor-section-height-default elementor-section-height-default\" data-id=\"fc168bd\" data-element_type=\"section\">\n\t\t\t\t\t\t<div class=\"elementor-container elementor-column-gap-default\">\n\t\t\t\t\t<div class=\"elementor-column elementor-col-100 elementor-top-column elementor-element elementor-element-541acdb\" data-id=\"541acdb\" data-element_type=\"column\">\n\t\t\t<div class=\"elementor-widget-wrap elementor-element-populated\">\n\t\t\t\t\t\t<div class=\"elementor-element elementor-element-2092151 elementor-widget elementor-widget-image-gallery\" data-id=\"2092151\" data-element_type=\"widget\" data-widget_type=\"image-gallery.default\">\n\t\t\t\t<div class=\"elementor-widget-container\">\n\t\t\t\t\t<div class=\"elementor-image-gallery\">\n\t\t\t\n\t\t<style type=\"text\/css\">\n\t\t\t#gallery-1 {\n\t\t\t\tmargin: auto;\n\t\t\t}\n\t\t\t#gallery-1 .gallery-item {\n\t\t\t\tfloat: left;\n\t\t\t\tmargin-top: 10px;\n\t\t\t\ttext-align: center;\n\t\t\t\twidth: 50%;\n\t\t\t}\n\t\t\t#gallery-1 img {\n\t\t\t\tborder: 2px solid #cfcfcf;\n\t\t\t}\n\t\t\t#gallery-1 .gallery-caption {\n\t\t\t\tmargin-left: 0;\n\t\t\t}\n\t\t\t\/* see gallery_shortcode() in wp-includes\/media.php *\/\n\t\t<\/style>\n\t\t<div id='gallery-1' class='gallery galleryid-662 gallery-columns-2 gallery-size-medium'><dl class='gallery-item'>\n\t\t\t<dt class='gallery-icon landscape'>\n\t\t\t\t<a data-elementor-open-lightbox=\"yes\" data-elementor-lightbox-slideshow=\"2092151\" data-elementor-lightbox-title=\"FF_Kirchberg_2018_72dpi\" data-elementor-lightbox-description=\"FF Kirchberg am Wechsel 2018\" data-e-action-hash=\"#elementor-action%3Aaction%3Dlightbox%26settings%3DeyJpZCI6MTAwNCwidXJsIjoiaHR0cHM6XC9cL3d3dy5mZi1raXJjaGJlcmctYW0td2VjaHNlbC5hdFwvd29yZHByZXNzXC93cC1jb250ZW50XC91cGxvYWRzXC8yMDE5XC8wNlwvRkZfS2lyY2hiZXJnXzIwMThfNzJkcGkuanBnIiwic2xpZGVzaG93IjoiMjA5MjE1MSJ9\" href='https:\/\/www.ff-kirchberg-am-wechsel.at\/wordpress\/wp-content\/uploads\/2019\/06\/FF_Kirchberg_2018_72dpi-1024x724.jpg' title=\"\" data-rl_title=\"\" class=\"rl-gallery-link\" data-rl_caption=\"\" data-rel=\"lightbox-gallery-1\"><img loading=\"lazy\" width=\"300\" height=\"212\" src=\"https:\/\/www.ff-kirchberg-am-wechsel.at\/wordpress\/wp-content\/uploads\/2019\/06\/FF_Kirchberg_2018_72dpi-300x212.jpg\" class=\"attachment-medium size-medium\" alt=\"FF Kirchberg am Wechsel 2018\" srcset=\"https:\/\/www.ff-kirchberg-am-wechsel.at\/wordpress\/wp-content\/uploads\/2019\/06\/FF_Kirchberg_2018_72dpi-300x212.jpg 300w, https:\/\/www.ff-kirchberg-am-wechsel.at\/wordpress\/wp-content\/uploads\/2019\/06\/FF_Kirchberg_2018_72dpi-768x543.jpg 768w, https:\/\/www.ff-kirchberg-am-wechsel.at\/wordpress\/wp-content\/uploads\/2019\/06\/FF_Kirchberg_2018_72dpi-1024x724.jpg 1024w, https:\/\/www.ff-kirchberg-am-wechsel.at\/wordpress\/wp-content\/uploads\/2019\/06\/FF_Kirchberg_2018_72dpi-945x668.jpg 945w, https:\/\/www.ff-kirchberg-am-wechsel.at\/wordpress\/wp-content\/uploads\/2019\/06\/FF_Kirchberg_2018_72dpi-600x424.jpg 600w, https:\/\/www.ff-kirchberg-am-wechsel.at\/wordpress\/wp-content\/uploads\/2019\/06\/FF_Kirchberg_2018_72dpi.jpg 1366w\" sizes=\"(max-width: 300px) 100vw, 300px\" \/><\/a>\n\t\t\t<\/dt><\/dl><dl class='gallery-item'>\n\t\t\t<dt class='gallery-icon landscape'>\n\t\t\t\t<a data-elementor-open-lightbox=\"yes\" data-elementor-lightbox-slideshow=\"2092151\" data-elementor-lightbox-title=\"FF_Kirchberg_2013_72dpi\" data-elementor-lightbox-description=\"FF Kirchberg am Wechsel 2013\" data-e-action-hash=\"#elementor-action%3Aaction%3Dlightbox%26settings%3DeyJpZCI6MTAwMywidXJsIjoiaHR0cHM6XC9cL3d3dy5mZi1raXJjaGJlcmctYW0td2VjaHNlbC5hdFwvd29yZHByZXNzXC93cC1jb250ZW50XC91cGxvYWRzXC8yMDE5XC8wNlwvRkZfS2lyY2hiZXJnXzIwMTNfNzJkcGkuanBnIiwic2xpZGVzaG93IjoiMjA5MjE1MSJ9\" href='https:\/\/www.ff-kirchberg-am-wechsel.at\/wordpress\/wp-content\/uploads\/2019\/06\/FF_Kirchberg_2013_72dpi-1024x724.jpg' title=\"\" data-rl_title=\"\" class=\"rl-gallery-link\" data-rl_caption=\"\" data-rel=\"lightbox-gallery-1\"><img loading=\"lazy\" width=\"300\" height=\"212\" src=\"https:\/\/www.ff-kirchberg-am-wechsel.at\/wordpress\/wp-content\/uploads\/2019\/06\/FF_Kirchberg_2013_72dpi-300x212.jpg\" class=\"attachment-medium size-medium\" alt=\"FF Kirchberg am Wechsel 2013\" srcset=\"https:\/\/www.ff-kirchberg-am-wechsel.at\/wordpress\/wp-content\/uploads\/2019\/06\/FF_Kirchberg_2013_72dpi-300x212.jpg 300w, https:\/\/www.ff-kirchberg-am-wechsel.at\/wordpress\/wp-content\/uploads\/2019\/06\/FF_Kirchberg_2013_72dpi-768x543.jpg 768w, https:\/\/www.ff-kirchberg-am-wechsel.at\/wordpress\/wp-content\/uploads\/2019\/06\/FF_Kirchberg_2013_72dpi-1024x724.jpg 1024w, https:\/\/www.ff-kirchberg-am-wechsel.at\/wordpress\/wp-content\/uploads\/2019\/06\/FF_Kirchberg_2013_72dpi-945x668.jpg 945w, https:\/\/www.ff-kirchberg-am-wechsel.at\/wordpress\/wp-content\/uploads\/2019\/06\/FF_Kirchberg_2013_72dpi-600x424.jpg 600w, https:\/\/www.ff-kirchberg-am-wechsel.at\/wordpress\/wp-content\/uploads\/2019\/06\/FF_Kirchberg_2013_72dpi.jpg 1366w\" sizes=\"(max-width: 300px) 100vw, 300px\" \/><\/a>\n\t\t\t<\/dt><\/dl><br style=\"clear: both\" \/><dl class='gallery-item'>\n\t\t\t<dt class='gallery-icon landscape'>\n\t\t\t\t<a data-elementor-open-lightbox=\"yes\" data-elementor-lightbox-slideshow=\"2092151\" data-elementor-lightbox-title=\"FF_Kirchberg_2008_72dpi\" data-elementor-lightbox-description=\"FF Kirchberg am Wechsel 2008\" data-e-action-hash=\"#elementor-action%3Aaction%3Dlightbox%26settings%3DeyJpZCI6MTAwMiwidXJsIjoiaHR0cHM6XC9cL3d3dy5mZi1raXJjaGJlcmctYW0td2VjaHNlbC5hdFwvd29yZHByZXNzXC93cC1jb250ZW50XC91cGxvYWRzXC8yMDE5XC8wNlwvRkZfS2lyY2hiZXJnXzIwMDhfNzJkcGkuanBnIiwic2xpZGVzaG93IjoiMjA5MjE1MSJ9\" href='https:\/\/www.ff-kirchberg-am-wechsel.at\/wordpress\/wp-content\/uploads\/2019\/06\/FF_Kirchberg_2008_72dpi.jpg' title=\"\" data-rl_title=\"\" class=\"rl-gallery-link\" data-rl_caption=\"\" data-rel=\"lightbox-gallery-1\"><img loading=\"lazy\" width=\"300\" height=\"212\" src=\"https:\/\/www.ff-kirchberg-am-wechsel.at\/wordpress\/wp-content\/uploads\/2019\/06\/FF_Kirchberg_2008_72dpi-300x212.jpg\" class=\"attachment-medium size-medium\" alt=\"FF Kirchberg am Wechsel 2008\" srcset=\"https:\/\/www.ff-kirchberg-am-wechsel.at\/wordpress\/wp-content\/uploads\/2019\/06\/FF_Kirchberg_2008_72dpi-300x212.jpg 300w, https:\/\/www.ff-kirchberg-am-wechsel.at\/wordpress\/wp-content\/uploads\/2019\/06\/FF_Kirchberg_2008_72dpi-768x543.jpg 768w, https:\/\/www.ff-kirchberg-am-wechsel.at\/wordpress\/wp-content\/uploads\/2019\/06\/FF_Kirchberg_2008_72dpi-600x424.jpg 600w, https:\/\/www.ff-kirchberg-am-wechsel.at\/wordpress\/wp-content\/uploads\/2019\/06\/FF_Kirchberg_2008_72dpi.jpg 842w\" sizes=\"(max-width: 300px) 100vw, 300px\" \/><\/a>\n\t\t\t<\/dt><\/dl><dl class='gallery-item'>\n\t\t\t<dt class='gallery-icon landscape'>\n\t\t\t\t<a data-elementor-open-lightbox=\"yes\" data-elementor-lightbox-slideshow=\"2092151\" data-elementor-lightbox-title=\"FF_Kirchberg_1998\" data-elementor-lightbox-description=\"FF Kirchberg am Wechsel  1998\" data-e-action-hash=\"#elementor-action%3Aaction%3Dlightbox%26settings%3DeyJpZCI6NjY2LCJ1cmwiOiJodHRwczpcL1wvd3d3LmZmLWtpcmNoYmVyZy1hbS13ZWNoc2VsLmF0XC93b3JkcHJlc3NcL3dwLWNvbnRlbnRcL3VwbG9hZHNcLzIwMTlcLzA1XC9GRl9LaXJjaGJlcmdfMTk5OC5qcGciLCJzbGlkZXNob3ciOiIyMDkyMTUxIn0%3D\" href='https:\/\/www.ff-kirchberg-am-wechsel.at\/wordpress\/wp-content\/uploads\/2019\/05\/FF_Kirchberg_1998-1024x707.jpg' title=\"\" data-rl_title=\"\" class=\"rl-gallery-link\" data-rl_caption=\"\" data-rel=\"lightbox-gallery-1\"><img loading=\"lazy\" width=\"300\" height=\"207\" src=\"https:\/\/www.ff-kirchberg-am-wechsel.at\/wordpress\/wp-content\/uploads\/2019\/05\/FF_Kirchberg_1998-300x207.jpg\" class=\"attachment-medium size-medium\" alt=\"FF Kirchberg am Wechsel 1998\" srcset=\"https:\/\/www.ff-kirchberg-am-wechsel.at\/wordpress\/wp-content\/uploads\/2019\/05\/FF_Kirchberg_1998-300x207.jpg 300w, https:\/\/www.ff-kirchberg-am-wechsel.at\/wordpress\/wp-content\/uploads\/2019\/05\/FF_Kirchberg_1998-768x530.jpg 768w, https:\/\/www.ff-kirchberg-am-wechsel.at\/wordpress\/wp-content\/uploads\/2019\/05\/FF_Kirchberg_1998-1024x707.jpg 1024w, https:\/\/www.ff-kirchberg-am-wechsel.at\/wordpress\/wp-content\/uploads\/2019\/05\/FF_Kirchberg_1998-945x653.jpg 945w, https:\/\/www.ff-kirchberg-am-wechsel.at\/wordpress\/wp-content\/uploads\/2019\/05\/FF_Kirchberg_1998-600x414.jpg 600w\" sizes=\"(max-width: 300px) 100vw, 300px\" \/><\/a>\n\t\t\t<\/dt><\/dl><br style=\"clear: both\" \/><dl class='gallery-item'>\n\t\t\t<dt class='gallery-icon landscape'>\n\t\t\t\t<a data-elementor-open-lightbox=\"yes\" data-elementor-lightbox-slideshow=\"2092151\" data-elementor-lightbox-title=\"FF_Kirchberg_1993\" data-elementor-lightbox-description=\"FF Kirchberg am Wechsel  1993\" data-e-action-hash=\"#elementor-action%3Aaction%3Dlightbox%26settings%3DeyJpZCI6NjY1LCJ1cmwiOiJodHRwczpcL1wvd3d3LmZmLWtpcmNoYmVyZy1hbS13ZWNoc2VsLmF0XC93b3JkcHJlc3NcL3dwLWNvbnRlbnRcL3VwbG9hZHNcLzIwMTlcLzA1XC9GRl9LaXJjaGJlcmdfMTk5My5qcGciLCJzbGlkZXNob3ciOiIyMDkyMTUxIn0%3D\" href='https:\/\/www.ff-kirchberg-am-wechsel.at\/wordpress\/wp-content\/uploads\/2019\/05\/FF_Kirchberg_1993-1024x727.jpg' title=\"\" data-rl_title=\"\" class=\"rl-gallery-link\" data-rl_caption=\"\" data-rel=\"lightbox-gallery-1\"><img loading=\"lazy\" width=\"300\" height=\"213\" src=\"https:\/\/www.ff-kirchberg-am-wechsel.at\/wordpress\/wp-content\/uploads\/2019\/05\/FF_Kirchberg_1993-300x213.jpg\" class=\"attachment-medium size-medium\" alt=\"FF Kirchberg am Wechsel 1993\" srcset=\"https:\/\/www.ff-kirchberg-am-wechsel.at\/wordpress\/wp-content\/uploads\/2019\/05\/FF_Kirchberg_1993-300x213.jpg 300w, https:\/\/www.ff-kirchberg-am-wechsel.at\/wordpress\/wp-content\/uploads\/2019\/05\/FF_Kirchberg_1993-768x545.jpg 768w, https:\/\/www.ff-kirchberg-am-wechsel.at\/wordpress\/wp-content\/uploads\/2019\/05\/FF_Kirchberg_1993-1024x727.jpg 1024w, https:\/\/www.ff-kirchberg-am-wechsel.at\/wordpress\/wp-content\/uploads\/2019\/05\/FF_Kirchberg_1993-945x671.jpg 945w, https:\/\/www.ff-kirchberg-am-wechsel.at\/wordpress\/wp-content\/uploads\/2019\/05\/FF_Kirchberg_1993-600x426.jpg 600w\" sizes=\"(max-width: 300px) 100vw, 300px\" \/><\/a>\n\t\t\t<\/dt><\/dl>\n\t\t\t<br style='clear: both' \/>\n\t\t<\/div>\n\t\t<\/div>\n\t\t\t\t<\/div>\n\t\t\t\t<\/div>\n\t\t\t\t\t<\/div>\n\t\t<\/div>\n\t\t\t\t\t<\/div>\n\t\t<\/section>\n\t\t\t\t<\/div>\n\t\t","protected":false},"excerpt":{"rendered":"<p>Mannschaftsfotos aus den Jahren 1993 bis 2018<\/p>\n","protected":false},"author":1,"featured_media":1002,"comment_status":"closed","ping_status":"closed","sticky":false,"template":"","format":"standard","meta":[],"categories":[17,26],"tags":[],"_links":{"self":[{"href":"https:\/\/www.ff-kirchberg-am-wechsel.at\/wordpress\/index.php?rest_route=\/wp\/v2\/posts\/662"}],"collection":[{"href":"https:\/\/www.ff-kirchberg-am-wechsel.at\/wordpress\/index.php?rest_route=\/wp\/v2\/posts"}],"about":[{"href":"https:\/\/www.ff-kirchberg-am-wechsel.at\/wordpress\/index.php?rest_route=\/wp\/v2\/types\/post"}],"author":[{"embeddable":true,"href":"https:\/\/www.ff-kirchberg-am-wechsel.at\/wordpress\/index.php?rest_route=\/wp\/v2\/users\/1"}],"replies":[{"embeddable":true,"href":"https:\/\/www.ff-kirchberg-am-wechsel.at\/wordpress\/index.php?rest_route=%2Fwp%2Fv2%2Fcomments&post=662"}],"version-history":[{"count":25,"href":"https:\/\/www.ff-kirchberg-am-wechsel.at\/wordpress\/index.php?rest_route=\/wp\/v2\/posts\/662\/revisions"}],"predecessor-version":[{"id":3522,"href":"https:\/\/www.ff-kirchberg-am-wechsel.at\/wordpress\/index.php?rest_route=\/wp\/v2\/posts\/662\/revisions\/3522"}],"wp:featuredmedia":[{"embeddable":true,"href":"https:\/\/www.ff-kirchberg-am-wechsel.at\/wordpress\/index.php?rest_route=\/wp\/v2\/media\/1002"}],"wp:attachment":[{"href":"https:\/\/www.ff-kirchberg-am-wechsel.at\/wordpress\/index.php?rest_route=%2Fwp%2Fv2%2Fmedia&parent=662"}],"wp:term":[{"taxonomy":"category","embeddable":true,"href":"https:\/\/www.ff-kirchberg-am-wechsel.at\/wordpress\/index.php?rest_route=%2Fwp%2Fv2%2Fcategories&post=662"},{"taxonomy":"post_tag","embeddable":true,"href":"https:\/\/www.ff-kirchberg-am-wechsel.at\/wordpress\/index.php?rest_route=%2Fwp%2Fv2%2Ftags&post=662"}],"curies":[{"name":"wp","href":"https:\/\/api.w.org\/{rel}","templated":true}]}}