
{"id":1025,"date":"2018-12-31T23:40:29","date_gmt":"2018-12-31T22:40:29","guid":{"rendered":"http:\/\/www.ff-kirchberg-am-wechsel.at\/wordpress\/?p=1025"},"modified":"2019-09-29T17:04:04","modified_gmt":"2019-09-29T15:04:04","slug":"gruendung-ff-kirchberg","status":"publish","type":"post","link":"https:\/\/www.ff-kirchberg-am-wechsel.at\/wordpress\/?p=1025","title":{"rendered":"Gr\u00fcndung der FF Kirchberg\/Wechsel"},"content":{"rendered":"\t\t<div data-elementor-type=\"wp-post\" data-elementor-id=\"1025\" class=\"elementor elementor-1025\">\n\t\t\t\t\t\t<section class=\"elementor-section elementor-top-section elementor-element elementor-element-c5fe8cb elementor-section-boxed elementor-section-height-default elementor-section-height-default\" data-id=\"c5fe8cb\" data-element_type=\"section\">\n\t\t\t\t\t\t<div class=\"elementor-container elementor-column-gap-default\">\n\t\t\t\t\t<div class=\"elementor-column elementor-col-100 elementor-top-column elementor-element elementor-element-fc52609\" data-id=\"fc52609\" data-element_type=\"column\">\n\t\t\t<div class=\"elementor-widget-wrap elementor-element-populated\">\n\t\t\t\t\t\t<div class=\"elementor-element elementor-element-2a5d422 elementor-widget elementor-widget-text-editor\" data-id=\"2a5d422\" data-element_type=\"widget\" data-widget_type=\"text-editor.default\">\n\t\t\t\t<div class=\"elementor-widget-container\">\n\t\t\t\t\t\t\t<p>Am 8. Dezember 1873 trafen sich die Herren Anton Gruber, Josef Neuhauser, Albert Brich, Michael Donhauser, Johann Haidenkumer und Johann Kainz im Gasthof \u201eZur Linde\u201c, um die Gr\u00fcndung einer Freiwilligen Feuerwehr in Kirchberg zu besprechen. Sie verfassten einen Aufruf zum Eintritt in die Freiwillige Feuerwehr, der bereits am n\u00e4chsten Tag ver\u00f6ffentlicht wurde.\u00a0Schon am 15. September 1873 fand im Gasthof \u201eZur Linde\u201c die Gr\u00fcndungsversammlung statt, bei der sogleich 44 aus\u00fcbende Mitglieder beitraten.<\/p>\t\t\t\t\t\t<\/div>\n\t\t\t\t<\/div>\n\t\t\t\t<div class=\"elementor-element elementor-element-e3388a2 elementor-widget elementor-widget-spacer\" data-id=\"e3388a2\" data-element_type=\"widget\" data-widget_type=\"spacer.default\">\n\t\t\t\t<div class=\"elementor-widget-container\">\n\t\t\t\t\t<div class=\"elementor-spacer\">\n\t\t\t<div class=\"elementor-spacer-inner\"><\/div>\n\t\t<\/div>\n\t\t\t\t<\/div>\n\t\t\t\t<\/div>\n\t\t\t\t\t<\/div>\n\t\t<\/div>\n\t\t\t\t\t<\/div>\n\t\t<\/section>\n\t\t\t\t<section class=\"elementor-section elementor-top-section elementor-element elementor-element-6692f71 elementor-section-boxed elementor-section-height-default elementor-section-height-default\" data-id=\"6692f71\" data-element_type=\"section\">\n\t\t\t\t\t\t<div class=\"elementor-container elementor-column-gap-default\">\n\t\t\t\t\t<div class=\"elementor-column elementor-col-100 elementor-top-column elementor-element elementor-element-19a1e12\" data-id=\"19a1e12\" data-element_type=\"column\">\n\t\t\t<div class=\"elementor-widget-wrap elementor-element-populated\">\n\t\t\t\t\t\t<div class=\"elementor-element elementor-element-81716b6 elementor-widget elementor-widget-image\" data-id=\"81716b6\" data-element_type=\"widget\" data-widget_type=\"image.default\">\n\t\t\t\t<div class=\"elementor-widget-container\">\n\t\t\t\t\t\t\t\t\t\t<figure class=\"wp-caption\">\n\t\t\t\t\t\t\t\t\t\t<img fetchpriority=\"high\" width=\"676\" height=\"266\" src=\"https:\/\/www.ff-kirchberg-am-wechsel.at\/wordpress\/wp-content\/uploads\/2019\/01\/Gr\u00fcndungsaufruf.jpg\" class=\"attachment-large size-large wp-image-1812\" alt=\"Gr\u00fcndungsaufruf\" srcset=\"https:\/\/www.ff-kirchberg-am-wechsel.at\/wordpress\/wp-content\/uploads\/2019\/01\/Gr\u00fcndungsaufruf.jpg 908w, https:\/\/www.ff-kirchberg-am-wechsel.at\/wordpress\/wp-content\/uploads\/2019\/01\/Gr\u00fcndungsaufruf-300x118.jpg 300w, https:\/\/www.ff-kirchberg-am-wechsel.at\/wordpress\/wp-content\/uploads\/2019\/01\/Gr\u00fcndungsaufruf-768x302.jpg 768w, https:\/\/www.ff-kirchberg-am-wechsel.at\/wordpress\/wp-content\/uploads\/2019\/01\/Gr\u00fcndungsaufruf-600x236.jpg 600w\" sizes=\"(max-width: 676px) 100vw, 676px\" \/>\t\t\t\t\t\t\t\t\t\t\t<figcaption class=\"widget-image-caption wp-caption-text\"><\/figcaption>\n\t\t\t\t\t\t\t\t\t\t<\/figure>\n\t\t\t\t\t\t\t<\/div>\n\t\t\t\t<\/div>\n\t\t\t\t<div class=\"elementor-element elementor-element-e5854e7 elementor-widget elementor-widget-spacer\" data-id=\"e5854e7\" data-element_type=\"widget\" data-widget_type=\"spacer.default\">\n\t\t\t\t<div class=\"elementor-widget-container\">\n\t\t\t\t\t<div class=\"elementor-spacer\">\n\t\t\t<div class=\"elementor-spacer-inner\"><\/div>\n\t\t<\/div>\n\t\t\t\t<\/div>\n\t\t\t\t<\/div>\n\t\t\t\t<div class=\"elementor-element elementor-element-636c72d elementor-widget elementor-widget-heading\" data-id=\"636c72d\" data-element_type=\"widget\" data-widget_type=\"heading.default\">\n\t\t\t\t<div class=\"elementor-widget-container\">\n\t\t\t<h5 class=\"elementor-heading-title elementor-size-default\">Aufruf<\/h5>\t\t<\/div>\n\t\t\t\t<\/div>\n\t\t\t\t<div class=\"elementor-element elementor-element-669276c elementor-widget elementor-widget-heading\" data-id=\"669276c\" data-element_type=\"widget\" data-widget_type=\"heading.default\">\n\t\t\t\t<div class=\"elementor-widget-container\">\n\t\t\t<h5 class=\"elementor-heading-title elementor-size-medium\">Zum Eintritte in die freiwillige Feuerwehr<\/h5>\t\t<\/div>\n\t\t\t\t<\/div>\n\t\t\t\t<div class=\"elementor-element elementor-element-f044331 elementor-widget elementor-widget-text-editor\" data-id=\"f044331\" data-element_type=\"widget\" data-widget_type=\"text-editor.default\">\n\t\t\t\t<div class=\"elementor-widget-container\">\n\t\t\t\t\t\t\t<p><em>Das gefertigte Comite hat den Antrag auf Errichtung einer freiwilligen Feuerwehr f\u00fcr Kirchberg in Anerkennung des gemeinn\u00fctzigen Zweckes, derselben schnelle und ausgiebige Hilfe, bei Feuersgefahren zum Beschlusse erhoben, und die Bewilligung des Gemeindeauschu\u00dfes<\/em><br \/><span style=\"font-family: Rubik;\"><em>In Erf\u00fcllung dieser wichtigen Aufgabe wenden wir uns daher, an unseren geehrten Mitb\u00fcrger, welche den Beruf in sich sehen, durch ihren Eintritt in die zu gr\u00fcndende freiwillige Feuerwehr, die Einwohner von Kirchberg und der Nachbarorte, Schutz und Hilfe in Feuersgefahr bringen. Die freiwillige Feuerwehr wird bestehen: Aus\u00fcbende Mitglieder od. Feuerwehrm\u00e4nner mit der Verpflichtung zum Feuerwehrdienste, und aus beitragenden Mitgliedern, oder Feuerwehrfreunden, mit der Verpflichtung zur Zahlung eines j\u00e4hrlichen Beitrages, zu Feuerwehrzwecken. Zum Eintritt in die freiwillige Feuerwehr sind unbescholtene, m\u00e4nnliche Einwohner von Kirchberg, welche das 20. Lebensjahr zur\u00fcckgelegt haben, berufen.<\/em><\/span><br \/><span style=\"font-family: Rubik;\"><em>Der freiwilligen Feuerwehr anzugeh\u00f6ren ist verdienstlich und ehrend f\u00fcr jedes Mitglied, welches die mit diesem Berufe verbunden, manchmal gro\u00dfen Aufopferungen nicht scheut, sondern sich derselben, im allgemeinen Interesse stets bereitwillig unterzieht.<\/em><\/span><br \/><span style=\"font-family: Rubik;\"><em>Es m\u00f6ge daher jeder beitretende, der Verpflichtung, welche er \u00fcbernimmt voll bewusst sein, damit das Institut, wenn es gegr\u00fcndet ist, durch treue Pflichterf\u00fcllung aller seiner Mitglieder, sich bew\u00e4hren und das Vertrauen und die Achtung, aller Bewohner genie\u00dfe.<\/em><\/span><br \/><span style=\"font-family: Rubik;\"><em>Die Anmeldung geschehe beim Comite, unter Angabe der Namen und Charakter.<\/em><\/span><br \/><span style=\"font-family: Rubik;\"><em>Das Comite der freiwilligen Feuerwehr.<\/em><\/span><\/p><p><span style=\"font-family: Rubik;\"><em>Michael Donhauser, Albert Brich, Anton Carl Gruber, Johann Kainz, Johann Haidenkumer, Josef Neuhauser,<\/em><\/span><\/p><p><span style=\"font-family: Rubik;\"><em>Kirchberg am Wechsel am 9. September 1873<\/em><\/span><\/p>\t\t\t\t\t\t<\/div>\n\t\t\t\t<\/div>\n\t\t\t\t<div class=\"elementor-element elementor-element-7e48ef1 elementor-widget elementor-widget-spacer\" data-id=\"7e48ef1\" data-element_type=\"widget\" data-widget_type=\"spacer.default\">\n\t\t\t\t<div class=\"elementor-widget-container\">\n\t\t\t\t\t<div class=\"elementor-spacer\">\n\t\t\t<div class=\"elementor-spacer-inner\"><\/div>\n\t\t<\/div>\n\t\t\t\t<\/div>\n\t\t\t\t<\/div>\n\t\t\t\t\t<\/div>\n\t\t<\/div>\n\t\t\t\t\t<\/div>\n\t\t<\/section>\n\t\t\t\t<section class=\"elementor-section elementor-top-section elementor-element elementor-element-edb4783 elementor-section-boxed elementor-section-height-default elementor-section-height-default\" data-id=\"edb4783\" data-element_type=\"section\">\n\t\t\t\t\t\t<div class=\"elementor-container elementor-column-gap-default\">\n\t\t\t\t\t<div class=\"elementor-column elementor-col-100 elementor-top-column elementor-element elementor-element-fbcd364\" data-id=\"fbcd364\" data-element_type=\"column\">\n\t\t\t<div class=\"elementor-widget-wrap elementor-element-populated\">\n\t\t\t\t\t\t<div class=\"elementor-element elementor-element-b3aa274 elementor-widget elementor-widget-image-gallery\" data-id=\"b3aa274\" data-element_type=\"widget\" data-widget_type=\"image-gallery.default\">\n\t\t\t\t<div class=\"elementor-widget-container\">\n\t\t\t\t\t<div class=\"elementor-image-gallery\">\n\t\t\t\n\t\t<style type=\"text\/css\">\n\t\t\t#gallery-1 {\n\t\t\t\tmargin: auto;\n\t\t\t}\n\t\t\t#gallery-1 .gallery-item {\n\t\t\t\tfloat: left;\n\t\t\t\tmargin-top: 10px;\n\t\t\t\ttext-align: center;\n\t\t\t\twidth: 16%;\n\t\t\t}\n\t\t\t#gallery-1 img {\n\t\t\t\tborder: 2px solid #cfcfcf;\n\t\t\t}\n\t\t\t#gallery-1 .gallery-caption {\n\t\t\t\tmargin-left: 0;\n\t\t\t}\n\t\t\t\/* see gallery_shortcode() in wp-includes\/media.php *\/\n\t\t<\/style>\n\t\t<div id='gallery-1' class='gallery galleryid-1025 gallery-columns-6 gallery-size-thumbnail'><dl class='gallery-item'>\n\t\t\t<dt class='gallery-icon portrait'>\n\t\t\t\t<a data-elementor-open-lightbox=\"yes\" data-elementor-lightbox-slideshow=\"b3aa274\" data-elementor-lightbox-title=\"GM_04-Michael-Donhauser_72dpi\" data-elementor-lightbox-description=\"Die Gr\u00fcndungsmitglieder der FF Kirchberg am Wechsel\" data-e-action-hash=\"#elementor-action%3Aaction%3Dlightbox%26settings%3DeyJpZCI6MTAzNSwidXJsIjoiaHR0cHM6XC9cL3d3dy5mZi1raXJjaGJlcmctYW0td2VjaHNlbC5hdFwvd29yZHByZXNzXC93cC1jb250ZW50XC91cGxvYWRzXC8yMDE5XC8wNlwvR01fMDQtTWljaGFlbC1Eb25oYXVzZXJfNzJkcGkuanBnIiwic2xpZGVzaG93IjoiYjNhYTI3NCJ9\" href='https:\/\/www.ff-kirchberg-am-wechsel.at\/wordpress\/wp-content\/uploads\/2019\/06\/GM_04-Michael-Donhauser_72dpi.jpg' title=\"\" data-rl_title=\"\" class=\"rl-gallery-link\" data-rl_caption=\"\" data-rel=\"lightbox-gallery-1\"><img width=\"79\" height=\"114\" src=\"https:\/\/www.ff-kirchberg-am-wechsel.at\/wordpress\/wp-content\/uploads\/2019\/06\/GM_04-Michael-Donhauser_72dpi.jpg\" class=\"attachment-thumbnail size-thumbnail\" alt=\"Die Gr\u00fcndungsmitglieder der FF Kirchberg am Wechsel\" \/><\/a>\n\t\t\t<\/dt><\/dl><dl class='gallery-item'>\n\t\t\t<dt class='gallery-icon portrait'>\n\t\t\t\t<a data-elementor-open-lightbox=\"yes\" data-elementor-lightbox-slideshow=\"b3aa274\" data-elementor-lightbox-title=\"GM_03-Albert-Brich_72dpi\" data-elementor-lightbox-description=\"Die Gr\u00fcndungsmitglieder der FF Kirchberg am Wechsel\" data-e-action-hash=\"#elementor-action%3Aaction%3Dlightbox%26settings%3DeyJpZCI6MTAzNCwidXJsIjoiaHR0cHM6XC9cL3d3dy5mZi1raXJjaGJlcmctYW0td2VjaHNlbC5hdFwvd29yZHByZXNzXC93cC1jb250ZW50XC91cGxvYWRzXC8yMDE5XC8wNlwvR01fMDMtQWxiZXJ0LUJyaWNoXzcyZHBpLmpwZyIsInNsaWRlc2hvdyI6ImIzYWEyNzQifQ%3D%3D\" href='https:\/\/www.ff-kirchberg-am-wechsel.at\/wordpress\/wp-content\/uploads\/2019\/06\/GM_03-Albert-Brich_72dpi.jpg' title=\"\" data-rl_title=\"\" class=\"rl-gallery-link\" data-rl_caption=\"\" data-rel=\"lightbox-gallery-1\"><img width=\"80\" height=\"112\" src=\"https:\/\/www.ff-kirchberg-am-wechsel.at\/wordpress\/wp-content\/uploads\/2019\/06\/GM_03-Albert-Brich_72dpi.jpg\" class=\"attachment-thumbnail size-thumbnail\" alt=\"Die Gr\u00fcndungsmitglieder der FF Kirchberg am Wechsel\" \/><\/a>\n\t\t\t<\/dt><\/dl><dl class='gallery-item'>\n\t\t\t<dt class='gallery-icon portrait'>\n\t\t\t\t<a data-elementor-open-lightbox=\"yes\" data-elementor-lightbox-slideshow=\"b3aa274\" data-elementor-lightbox-title=\"GM_01-Anton-Carl-Gruber_72dpi\" data-elementor-lightbox-description=\"Die Gr\u00fcndungsmitglieder der FF Kirchberg am Wechsel\" data-e-action-hash=\"#elementor-action%3Aaction%3Dlightbox%26settings%3DeyJpZCI6MTAzMiwidXJsIjoiaHR0cHM6XC9cL3d3dy5mZi1raXJjaGJlcmctYW0td2VjaHNlbC5hdFwvd29yZHByZXNzXC93cC1jb250ZW50XC91cGxvYWRzXC8yMDE5XC8wNlwvR01fMDEtQW50b24tQ2FybC1HcnViZXJfNzJkcGkuanBnIiwic2xpZGVzaG93IjoiYjNhYTI3NCJ9\" href='https:\/\/www.ff-kirchberg-am-wechsel.at\/wordpress\/wp-content\/uploads\/2019\/06\/GM_01-Anton-Carl-Gruber_72dpi.jpg' title=\"\" data-rl_title=\"\" class=\"rl-gallery-link\" data-rl_caption=\"\" data-rel=\"lightbox-gallery-1\"><img loading=\"lazy\" width=\"81\" height=\"115\" src=\"https:\/\/www.ff-kirchberg-am-wechsel.at\/wordpress\/wp-content\/uploads\/2019\/06\/GM_01-Anton-Carl-Gruber_72dpi.jpg\" class=\"attachment-thumbnail size-thumbnail\" alt=\"Die Gr\u00fcndungsmitglieder der FF Kirchberg am Wechsel\" \/><\/a>\n\t\t\t<\/dt><\/dl><dl class='gallery-item'>\n\t\t\t<dt class='gallery-icon portrait'>\n\t\t\t\t<a data-elementor-open-lightbox=\"yes\" data-elementor-lightbox-slideshow=\"b3aa274\" data-elementor-lightbox-title=\"GM_06-Johann-Kainz_72dpi\" data-elementor-lightbox-description=\"Die Gr\u00fcndungsmitglieder der FF Kirchberg am Wechsel\" data-e-action-hash=\"#elementor-action%3Aaction%3Dlightbox%26settings%3DeyJpZCI6MTAzNywidXJsIjoiaHR0cHM6XC9cL3d3dy5mZi1raXJjaGJlcmctYW0td2VjaHNlbC5hdFwvd29yZHByZXNzXC93cC1jb250ZW50XC91cGxvYWRzXC8yMDE5XC8wNlwvR01fMDYtSm9oYW5uLUthaW56XzcyZHBpLmpwZyIsInNsaWRlc2hvdyI6ImIzYWEyNzQifQ%3D%3D\" href='https:\/\/www.ff-kirchberg-am-wechsel.at\/wordpress\/wp-content\/uploads\/2019\/06\/GM_06-Johann-Kainz_72dpi.jpg' title=\"\" data-rl_title=\"\" class=\"rl-gallery-link\" data-rl_caption=\"\" data-rel=\"lightbox-gallery-1\"><img loading=\"lazy\" width=\"79\" height=\"113\" src=\"https:\/\/www.ff-kirchberg-am-wechsel.at\/wordpress\/wp-content\/uploads\/2019\/06\/GM_06-Johann-Kainz_72dpi.jpg\" class=\"attachment-thumbnail size-thumbnail\" alt=\"Die Gr\u00fcndungsmitglieder der FF Kirchberg am Wechsel\" \/><\/a>\n\t\t\t<\/dt><\/dl><dl class='gallery-item'>\n\t\t\t<dt class='gallery-icon portrait'>\n\t\t\t\t<a data-elementor-open-lightbox=\"yes\" data-elementor-lightbox-slideshow=\"b3aa274\" data-elementor-lightbox-title=\"GM_05-Johann-Haidenkumer_72dpi\" data-elementor-lightbox-description=\"Die Gr\u00fcndungsmitglieder der FF Kirchberg am Wechsel\" data-e-action-hash=\"#elementor-action%3Aaction%3Dlightbox%26settings%3DeyJpZCI6MTAzNiwidXJsIjoiaHR0cHM6XC9cL3d3dy5mZi1raXJjaGJlcmctYW0td2VjaHNlbC5hdFwvd29yZHByZXNzXC93cC1jb250ZW50XC91cGxvYWRzXC8yMDE5XC8wNlwvR01fMDUtSm9oYW5uLUhhaWRlbmt1bWVyXzcyZHBpLmpwZyIsInNsaWRlc2hvdyI6ImIzYWEyNzQifQ%3D%3D\" href='https:\/\/www.ff-kirchberg-am-wechsel.at\/wordpress\/wp-content\/uploads\/2019\/06\/GM_05-Johann-Haidenkumer_72dpi.jpg' title=\"\" data-rl_title=\"\" class=\"rl-gallery-link\" data-rl_caption=\"\" data-rel=\"lightbox-gallery-1\"><img loading=\"lazy\" width=\"80\" height=\"113\" src=\"https:\/\/www.ff-kirchberg-am-wechsel.at\/wordpress\/wp-content\/uploads\/2019\/06\/GM_05-Johann-Haidenkumer_72dpi.jpg\" class=\"attachment-thumbnail size-thumbnail\" alt=\"Die Gr\u00fcndungsmitglieder der FF Kirchberg am Wechsel\" \/><\/a>\n\t\t\t<\/dt><\/dl><dl class='gallery-item'>\n\t\t\t<dt class='gallery-icon portrait'>\n\t\t\t\t<a data-elementor-open-lightbox=\"yes\" data-elementor-lightbox-slideshow=\"b3aa274\" data-elementor-lightbox-title=\"GM_02-Josef-Neuhauser_72dpi\" data-elementor-lightbox-description=\"Die Gr\u00fcndungsmitglieder der FF Kirchberg am Wechsel\" data-e-action-hash=\"#elementor-action%3Aaction%3Dlightbox%26settings%3DeyJpZCI6MTAzMywidXJsIjoiaHR0cHM6XC9cL3d3dy5mZi1raXJjaGJlcmctYW0td2VjaHNlbC5hdFwvd29yZHByZXNzXC93cC1jb250ZW50XC91cGxvYWRzXC8yMDE5XC8wNlwvR01fMDItSm9zZWYtTmV1aGF1c2VyXzcyZHBpLmpwZyIsInNsaWRlc2hvdyI6ImIzYWEyNzQifQ%3D%3D\" href='https:\/\/www.ff-kirchberg-am-wechsel.at\/wordpress\/wp-content\/uploads\/2019\/06\/GM_02-Josef-Neuhauser_72dpi.jpg' title=\"\" data-rl_title=\"\" class=\"rl-gallery-link\" data-rl_caption=\"\" data-rel=\"lightbox-gallery-1\"><img loading=\"lazy\" width=\"80\" height=\"114\" src=\"https:\/\/www.ff-kirchberg-am-wechsel.at\/wordpress\/wp-content\/uploads\/2019\/06\/GM_02-Josef-Neuhauser_72dpi.jpg\" class=\"attachment-thumbnail size-thumbnail\" alt=\"Die Gr\u00fcndungsmitglieder der FF Kirchberg am Wechsel\" \/><\/a>\n\t\t\t<\/dt><\/dl><br style=\"clear: both\" \/>\n\t\t<\/div>\n\t\t<\/div>\n\t\t\t\t<\/div>\n\t\t\t\t<\/div>\n\t\t\t\t\t<\/div>\n\t\t<\/div>\n\t\t\t\t\t<\/div>\n\t\t<\/section>\n\t\t\t\t<\/div>\n\t\t","protected":false},"excerpt":{"rendered":"<p>Am 8. Dezember 1873 trafen sich die Herren Anton Gruber, Josef Neuhauser, Albert Brich, Michael Donhauser, Johann Haidenkumer und Johann Kainz im Gasthof \u201eZur Linde\u201c, um die Gr\u00fcndung einer Freiwilligen Feuerwehr in Kirchberg zu besprechen. Sie verfassten einen Aufruf zum&#8230; <a class=\"more-link\" href=\"https:\/\/www.ff-kirchberg-am-wechsel.at\/wordpress\/?p=1025\">Weiterlesen &rarr;<\/a><\/p>\n","protected":false},"author":1,"featured_media":1812,"comment_status":"closed","ping_status":"closed","sticky":false,"template":"","format":"standard","meta":[],"categories":[17],"tags":[],"_links":{"self":[{"href":"https:\/\/www.ff-kirchberg-am-wechsel.at\/wordpress\/index.php?rest_route=\/wp\/v2\/posts\/1025"}],"collection":[{"href":"https:\/\/www.ff-kirchberg-am-wechsel.at\/wordpress\/index.php?rest_route=\/wp\/v2\/posts"}],"about":[{"href":"https:\/\/www.ff-kirchberg-am-wechsel.at\/wordpress\/index.php?rest_route=\/wp\/v2\/types\/post"}],"author":[{"embeddable":true,"href":"https:\/\/www.ff-kirchberg-am-wechsel.at\/wordpress\/index.php?rest_route=\/wp\/v2\/users\/1"}],"replies":[{"embeddable":true,"href":"https:\/\/www.ff-kirchberg-am-wechsel.at\/wordpress\/index.php?rest_route=%2Fwp%2Fv2%2Fcomments&post=1025"}],"version-history":[{"count":16,"href":"https:\/\/www.ff-kirchberg-am-wechsel.at\/wordpress\/index.php?rest_route=\/wp\/v2\/posts\/1025\/revisions"}],"predecessor-version":[{"id":1948,"href":"https:\/\/www.ff-kirchberg-am-wechsel.at\/wordpress\/index.php?rest_route=\/wp\/v2\/posts\/1025\/revisions\/1948"}],"wp:featuredmedia":[{"embeddable":true,"href":"https:\/\/www.ff-kirchberg-am-wechsel.at\/wordpress\/index.php?rest_route=\/wp\/v2\/media\/1812"}],"wp:attachment":[{"href":"https:\/\/www.ff-kirchberg-am-wechsel.at\/wordpress\/index.php?rest_route=%2Fwp%2Fv2%2Fmedia&parent=1025"}],"wp:term":[{"taxonomy":"category","embeddable":true,"href":"https:\/\/www.ff-kirchberg-am-wechsel.at\/wordpress\/index.php?rest_route=%2Fwp%2Fv2%2Fcategories&post=1025"},{"taxonomy":"post_tag","embeddable":true,"href":"https:\/\/www.ff-kirchberg-am-wechsel.at\/wordpress\/index.php?rest_route=%2Fwp%2Fv2%2Ftags&post=1025"}],"curies":[{"name":"wp","href":"https:\/\/api.w.org\/{rel}","templated":true}]}}