
{"id":1021,"date":"2018-12-31T23:50:41","date_gmt":"2018-12-31T22:50:41","guid":{"rendered":"http:\/\/www.ff-kirchberg-am-wechsel.at\/wordpress\/?p=1021"},"modified":"2019-09-30T21:06:16","modified_gmt":"2019-09-30T19:06:16","slug":"zur-entstehung-der-ff","status":"publish","type":"post","link":"https:\/\/www.ff-kirchberg-am-wechsel.at\/wordpress\/?p=1021","title":{"rendered":"Zur Entstehung des Feuerwehrwesens"},"content":{"rendered":"\t\t<div data-elementor-type=\"wp-post\" data-elementor-id=\"1021\" class=\"elementor elementor-1021\">\n\t\t\t\t\t\t<section class=\"elementor-section elementor-top-section elementor-element elementor-element-48bc77f elementor-section-boxed elementor-section-height-default elementor-section-height-default\" data-id=\"48bc77f\" data-element_type=\"section\">\n\t\t\t\t\t\t<div class=\"elementor-container elementor-column-gap-default\">\n\t\t\t\t\t<div class=\"elementor-column elementor-col-100 elementor-top-column elementor-element elementor-element-c1676b8\" data-id=\"c1676b8\" data-element_type=\"column\">\n\t\t\t<div class=\"elementor-widget-wrap elementor-element-populated\">\n\t\t\t\t\t\t<div class=\"elementor-element elementor-element-32a1857 elementor-widget elementor-widget-text-editor\" data-id=\"32a1857\" data-element_type=\"widget\" data-widget_type=\"text-editor.default\">\n\t\t\t\t<div class=\"elementor-widget-container\">\n\t\t\t\t\t\t\t<p>Die Entstehung des Feuerwehrwesens in \u00d6sterreich erhielt im Sp\u00e4tmittelalter erste Impulse. 1454 wurde die erste Feuerordnung f\u00fcr Wien erlassen. F\u00fcr das l\u00e4ndliche Gebiet, zu dem auch Kirchberg am Wechsel z\u00e4hlt, war die Feuerordnung von Kaiser Josef II. vom 7. September 1782 ausschlaggebend. Diese enthielt unter anderem Bauvorschriften f\u00fcr H\u00e4user in geschlossenen Siedlungen (z.B. wurden Strohd\u00e4cher in dicht verbauten Siedlungen verboten).<\/p><p>Mit dem neuen Vereinsgesetz aus dem Jahre 1867 wurde erstmals eine systematische Organisation von Vereinen erm\u00f6glicht. In diese Zeit fallen auch die ersten Gr\u00fcndungen von Freiwilligen Feuerwehren. Der N\u00d6 Landesfeuerwehrverband wurde im Jahre 1869 von den damals 12 bestehenden Feuerwehren gegr\u00fcndet. Die \u00e4ltesten Feuerwehren Nieder\u00f6sterreichs wurden 1861 in Krems und 1862 in Wr. Neustadt gegr\u00fcndet.<\/p><p>In der 1870 von Kaiser Franz Josef erlassenen Feuerpolizeiordnung f\u00fcr das Erzherzogtum Oesterreich unter der Enns, unter Ausschluss der Haupt- und Residenzstadt Wien, wurde festgehalten:<\/p><p>Der Gemeindevorsteher hat die n\u00f6tigen Vorkehrungen zu treffen, damit alles, was zum Ausbruche einer Feuersbrunst f\u00fchren kann, m\u00f6glichst beseitigt werde.<\/p><p>In Orten ab zwanzig Hausnummern ist ein Nachtw\u00e4chter zu bestellen, welcher den Dienst der Feuerwache bestellt, in kleineren Rotten haben die Feuerwache in den Monaten Juli bis Oktober die Hausbesitzer der Reihe nach unentgeltlich zu verrichten.<\/p><p>Die Feuerbeschau und die periodische Reinigung der Schornsteine durch \u201eordentliche\u201c Rauchfangkehrer werden angeordnet.<\/p><p>In jeder geschlossenen Ortschaft von wenigsten f\u00fcnfzig Hausnummern hat der Gemeindevorsteher, wenn nicht bereits eine freiwillige Feuerwehr besteht, einen Aufruf zum Beitritte zu erlassen. Dieser Aufruf ist j\u00e4hrlich zu erneuern.<\/p>\t\t\t\t\t\t<\/div>\n\t\t\t\t<\/div>\n\t\t\t\t<div class=\"elementor-element elementor-element-52cb6ba elementor-widget elementor-widget-spacer\" data-id=\"52cb6ba\" data-element_type=\"widget\" data-widget_type=\"spacer.default\">\n\t\t\t\t<div class=\"elementor-widget-container\">\n\t\t\t\t\t<div class=\"elementor-spacer\">\n\t\t\t<div class=\"elementor-spacer-inner\"><\/div>\n\t\t<\/div>\n\t\t\t\t<\/div>\n\t\t\t\t<\/div>\n\t\t\t\t<div class=\"elementor-element elementor-element-add1fb6 elementor-widget elementor-widget-image\" data-id=\"add1fb6\" data-element_type=\"widget\" data-widget_type=\"image.default\">\n\t\t\t\t<div class=\"elementor-widget-container\">\n\t\t\t\t\t\t\t\t\t\t\t\t\t<img fetchpriority=\"high\" width=\"676\" height=\"266\" src=\"https:\/\/www.ff-kirchberg-am-wechsel.at\/wordpress\/wp-content\/uploads\/2019\/01\/Gr\u00fcndungsaufruf-768x302.jpg\" class=\"attachment-medium_large size-medium_large wp-image-1812\" alt=\"Gr\u00fcndungsaufruf\" srcset=\"https:\/\/www.ff-kirchberg-am-wechsel.at\/wordpress\/wp-content\/uploads\/2019\/01\/Gr\u00fcndungsaufruf-768x302.jpg 768w, https:\/\/www.ff-kirchberg-am-wechsel.at\/wordpress\/wp-content\/uploads\/2019\/01\/Gr\u00fcndungsaufruf-300x118.jpg 300w, https:\/\/www.ff-kirchberg-am-wechsel.at\/wordpress\/wp-content\/uploads\/2019\/01\/Gr\u00fcndungsaufruf-600x236.jpg 600w, https:\/\/www.ff-kirchberg-am-wechsel.at\/wordpress\/wp-content\/uploads\/2019\/01\/Gr\u00fcndungsaufruf.jpg 908w\" sizes=\"(max-width: 676px) 100vw, 676px\" \/>\t\t\t\t\t\t\t\t\t\t\t\t\t<\/div>\n\t\t\t\t<\/div>\n\t\t\t\t\t<\/div>\n\t\t<\/div>\n\t\t\t\t\t<\/div>\n\t\t<\/section>\n\t\t\t\t<section class=\"elementor-section elementor-top-section elementor-element elementor-element-c13e2c6 elementor-section-boxed elementor-section-height-default elementor-section-height-default\" data-id=\"c13e2c6\" data-element_type=\"section\">\n\t\t\t\t\t\t<div class=\"elementor-container elementor-column-gap-default\">\n\t\t\t\t\t<div class=\"elementor-column elementor-col-100 elementor-top-column elementor-element elementor-element-f052f1e\" data-id=\"f052f1e\" data-element_type=\"column\">\n\t\t\t<div class=\"elementor-widget-wrap elementor-element-populated\">\n\t\t\t\t\t\t<div class=\"elementor-element elementor-element-207ed38 elementor-widget elementor-widget-spacer\" data-id=\"207ed38\" data-element_type=\"widget\" data-widget_type=\"spacer.default\">\n\t\t\t\t<div class=\"elementor-widget-container\">\n\t\t\t\t\t<div class=\"elementor-spacer\">\n\t\t\t<div class=\"elementor-spacer-inner\"><\/div>\n\t\t<\/div>\n\t\t\t\t<\/div>\n\t\t\t\t<\/div>\n\t\t\t\t<div class=\"elementor-element elementor-element-5a38f4f elementor-widget elementor-widget-text-editor\" data-id=\"5a38f4f\" data-element_type=\"widget\" data-widget_type=\"text-editor.default\">\n\t\t\t\t<div class=\"elementor-widget-container\">\n\t\t\t\t\t\t\t<p>Auf Grund dieser Gesetzeslage schritten der damalige B\u00fcrgermeister Josef Neuhauser, die Gemeinder\u00e4te Michael Donhauser und Anton Gruber, sowie weitere B\u00fcrger von Kirchberg daran, eine Freiwillige Feuerwehr in Kirchberg zu gr\u00fcnden.<\/p>\t\t\t\t\t\t<\/div>\n\t\t\t\t<\/div>\n\t\t\t\t\t<\/div>\n\t\t<\/div>\n\t\t\t\t\t<\/div>\n\t\t<\/section>\n\t\t\t\t<\/div>\n\t\t","protected":false},"excerpt":{"rendered":"<p>Die Entstehung des Feuerwehrwesens in \u00d6sterreich erhielt im Sp\u00e4tmittelalter erste Impulse. 1454 wurde die erste Feuerordnung f\u00fcr Wien erlassen. F\u00fcr das l\u00e4ndliche Gebiet, zu dem auch Kirchberg am Wechsel z\u00e4hlt, war die Feuerordnung von Kaiser Josef II. vom 7. September&#8230; <a class=\"more-link\" href=\"https:\/\/www.ff-kirchberg-am-wechsel.at\/wordpress\/?p=1021\">Weiterlesen &rarr;<\/a><\/p>\n","protected":false},"author":1,"featured_media":1343,"comment_status":"closed","ping_status":"open","sticky":false,"template":"","format":"standard","meta":[],"categories":[17],"tags":[],"_links":{"self":[{"href":"https:\/\/www.ff-kirchberg-am-wechsel.at\/wordpress\/index.php?rest_route=\/wp\/v2\/posts\/1021"}],"collection":[{"href":"https:\/\/www.ff-kirchberg-am-wechsel.at\/wordpress\/index.php?rest_route=\/wp\/v2\/posts"}],"about":[{"href":"https:\/\/www.ff-kirchberg-am-wechsel.at\/wordpress\/index.php?rest_route=\/wp\/v2\/types\/post"}],"author":[{"embeddable":true,"href":"https:\/\/www.ff-kirchberg-am-wechsel.at\/wordpress\/index.php?rest_route=\/wp\/v2\/users\/1"}],"replies":[{"embeddable":true,"href":"https:\/\/www.ff-kirchberg-am-wechsel.at\/wordpress\/index.php?rest_route=%2Fwp%2Fv2%2Fcomments&post=1021"}],"version-history":[{"count":6,"href":"https:\/\/www.ff-kirchberg-am-wechsel.at\/wordpress\/index.php?rest_route=\/wp\/v2\/posts\/1021\/revisions"}],"predecessor-version":[{"id":2075,"href":"https:\/\/www.ff-kirchberg-am-wechsel.at\/wordpress\/index.php?rest_route=\/wp\/v2\/posts\/1021\/revisions\/2075"}],"wp:featuredmedia":[{"embeddable":true,"href":"https:\/\/www.ff-kirchberg-am-wechsel.at\/wordpress\/index.php?rest_route=\/wp\/v2\/media\/1343"}],"wp:attachment":[{"href":"https:\/\/www.ff-kirchberg-am-wechsel.at\/wordpress\/index.php?rest_route=%2Fwp%2Fv2%2Fmedia&parent=1021"}],"wp:term":[{"taxonomy":"category","embeddable":true,"href":"https:\/\/www.ff-kirchberg-am-wechsel.at\/wordpress\/index.php?rest_route=%2Fwp%2Fv2%2Fcategories&post=1021"},{"taxonomy":"post_tag","embeddable":true,"href":"https:\/\/www.ff-kirchberg-am-wechsel.at\/wordpress\/index.php?rest_route=%2Fwp%2Fv2%2Ftags&post=1021"}],"curies":[{"name":"wp","href":"https:\/\/api.w.org\/{rel}","templated":true}]}}