
{"id":954,"date":"2019-05-05T19:18:52","date_gmt":"2019-05-05T17:18:52","guid":{"rendered":"http:\/\/www.ff-kirchberg-am-wechsel.at\/wordpress\/?p=954"},"modified":"2019-10-01T19:21:12","modified_gmt":"2019-10-01T17:21:12","slug":"florianitag","status":"publish","type":"post","link":"http:\/\/www.ff-kirchberg-am-wechsel.at\/wordpress\/?p=954","title":{"rendered":"Florianitag"},"content":{"rendered":"\t\t<div data-elementor-type=\"wp-post\" data-elementor-id=\"954\" class=\"elementor elementor-954\">\n\t\t\t\t\t\t<section class=\"elementor-section elementor-top-section elementor-element elementor-element-e2e07b6 elementor-section-boxed elementor-section-height-default elementor-section-height-default\" data-id=\"e2e07b6\" data-element_type=\"section\">\n\t\t\t\t\t\t<div class=\"elementor-container elementor-column-gap-default\">\n\t\t\t\t\t<div class=\"elementor-column elementor-col-100 elementor-top-column elementor-element elementor-element-b9f4959\" data-id=\"b9f4959\" data-element_type=\"column\">\n\t\t\t<div class=\"elementor-widget-wrap elementor-element-populated\">\n\t\t\t\t\t\t<div class=\"elementor-element elementor-element-9d3bf05 elementor-widget elementor-widget-image-gallery\" data-id=\"9d3bf05\" data-element_type=\"widget\" data-widget_type=\"image-gallery.default\">\n\t\t\t\t<div class=\"elementor-widget-container\">\n\t\t\t\t\t<div class=\"elementor-image-gallery\">\n\t\t\t\n\t\t<style type=\"text\/css\">\n\t\t\t#gallery-1 {\n\t\t\t\tmargin: auto;\n\t\t\t}\n\t\t\t#gallery-1 .gallery-item {\n\t\t\t\tfloat: left;\n\t\t\t\tmargin-top: 10px;\n\t\t\t\ttext-align: center;\n\t\t\t\twidth: 25%;\n\t\t\t}\n\t\t\t#gallery-1 img {\n\t\t\t\tborder: 2px solid #cfcfcf;\n\t\t\t}\n\t\t\t#gallery-1 .gallery-caption {\n\t\t\t\tmargin-left: 0;\n\t\t\t}\n\t\t\t\/* see gallery_shortcode() in wp-includes\/media.php *\/\n\t\t<\/style>\n\t\t<div id='gallery-1' class='gallery galleryid-954 gallery-columns-4 gallery-size-thumbnail'><dl class='gallery-item'>\n\t\t\t<dt class='gallery-icon landscape'>\n\t\t\t\t<a data-elementor-open-lightbox=\"yes\" data-elementor-lightbox-slideshow=\"9d3bf05\" data-elementor-lightbox-title=\"01-IMG_8338\" data-e-action-hash=\"#elementor-action%3Aaction%3Dlightbox%26settings%3DeyJpZCI6NDE4LCJ1cmwiOiJodHRwOlwvXC93d3cuZmYta2lyY2hiZXJnLWFtLXdlY2hzZWwuYXRcL3dvcmRwcmVzc1wvd3AtY29udGVudFwvdXBsb2Fkc1wvMjAxOVwvMDVcLzAxLUlNR184MzM4LmpwZyIsInNsaWRlc2hvdyI6IjlkM2JmMDUifQ%3D%3D\" href='http:\/\/www.ff-kirchberg-am-wechsel.at\/wordpress\/wp-content\/uploads\/2019\/05\/01-IMG_8338-1024x673.jpg' title=\"\" data-rl_title=\"\" class=\"rl-gallery-link\" data-rl_caption=\"\" data-rel=\"lightbox-gallery-1\"><img width=\"150\" height=\"150\" src=\"http:\/\/www.ff-kirchberg-am-wechsel.at\/wordpress\/wp-content\/uploads\/2019\/05\/01-IMG_8338-150x150.jpg\" class=\"attachment-thumbnail size-thumbnail\" alt=\"\" \/><\/a>\n\t\t\t<\/dt><\/dl><dl class='gallery-item'>\n\t\t\t<dt class='gallery-icon landscape'>\n\t\t\t\t<a data-elementor-open-lightbox=\"yes\" data-elementor-lightbox-slideshow=\"9d3bf05\" data-elementor-lightbox-title=\"Florianitag 2019\" data-e-action-hash=\"#elementor-action%3Aaction%3Dlightbox%26settings%3DeyJpZCI6NDE5LCJ1cmwiOiJodHRwOlwvXC93d3cuZmYta2lyY2hiZXJnLWFtLXdlY2hzZWwuYXRcL3dvcmRwcmVzc1wvd3AtY29udGVudFwvdXBsb2Fkc1wvMjAxOVwvMDVcLzAyLUlNR184MzM5LmpwZyIsInNsaWRlc2hvdyI6IjlkM2JmMDUifQ%3D%3D\" data-elementor-lightbox-description=\"Florianitag 2019\" href='http:\/\/www.ff-kirchberg-am-wechsel.at\/wordpress\/wp-content\/uploads\/2019\/05\/02-IMG_8339-1024x733.jpg' title=\"\" data-rl_title=\"\" class=\"rl-gallery-link\" data-rl_caption=\"\" data-rel=\"lightbox-gallery-1\"><img width=\"150\" height=\"150\" src=\"http:\/\/www.ff-kirchberg-am-wechsel.at\/wordpress\/wp-content\/uploads\/2019\/05\/02-IMG_8339-150x150.jpg\" class=\"attachment-thumbnail size-thumbnail\" alt=\"Florianitag 2019\" \/><\/a>\n\t\t\t<\/dt><\/dl><dl class='gallery-item'>\n\t\t\t<dt class='gallery-icon landscape'>\n\t\t\t\t<a data-elementor-open-lightbox=\"yes\" data-elementor-lightbox-slideshow=\"9d3bf05\" data-elementor-lightbox-title=\"Florianitag 2019\" data-e-action-hash=\"#elementor-action%3Aaction%3Dlightbox%26settings%3DeyJpZCI6NDIwLCJ1cmwiOiJodHRwOlwvXC93d3cuZmYta2lyY2hiZXJnLWFtLXdlY2hzZWwuYXRcL3dvcmRwcmVzc1wvd3AtY29udGVudFwvdXBsb2Fkc1wvMjAxOVwvMDVcLzAzLUlNR184MzQxLmpwZyIsInNsaWRlc2hvdyI6IjlkM2JmMDUifQ%3D%3D\" data-elementor-lightbox-description=\"Florianitag 2019\" href='http:\/\/www.ff-kirchberg-am-wechsel.at\/wordpress\/wp-content\/uploads\/2019\/05\/03-IMG_8341-1024x684.jpg' title=\"\" data-rl_title=\"\" class=\"rl-gallery-link\" data-rl_caption=\"\" data-rel=\"lightbox-gallery-1\"><img width=\"150\" height=\"150\" src=\"http:\/\/www.ff-kirchberg-am-wechsel.at\/wordpress\/wp-content\/uploads\/2019\/05\/03-IMG_8341-150x150.jpg\" class=\"attachment-thumbnail size-thumbnail\" alt=\"Florianitag 2019\" \/><\/a>\n\t\t\t<\/dt><\/dl><dl class='gallery-item'>\n\t\t\t<dt class='gallery-icon landscape'>\n\t\t\t\t<a data-elementor-open-lightbox=\"yes\" data-elementor-lightbox-slideshow=\"9d3bf05\" data-elementor-lightbox-title=\"Florianitag 2019\" data-e-action-hash=\"#elementor-action%3Aaction%3Dlightbox%26settings%3DeyJpZCI6NDIyLCJ1cmwiOiJodHRwOlwvXC93d3cuZmYta2lyY2hiZXJnLWFtLXdlY2hzZWwuYXRcL3dvcmRwcmVzc1wvd3AtY29udGVudFwvdXBsb2Fkc1wvMjAxOVwvMDVcLzA0LUlNR184MzQyLmpwZyIsInNsaWRlc2hvdyI6IjlkM2JmMDUifQ%3D%3D\" data-elementor-lightbox-description=\"Florianitag 2019\" href='http:\/\/www.ff-kirchberg-am-wechsel.at\/wordpress\/wp-content\/uploads\/2019\/05\/04-IMG_8342-1024x716.jpg' title=\"\" data-rl_title=\"\" class=\"rl-gallery-link\" data-rl_caption=\"\" data-rel=\"lightbox-gallery-1\"><img loading=\"lazy\" width=\"150\" height=\"150\" src=\"http:\/\/www.ff-kirchberg-am-wechsel.at\/wordpress\/wp-content\/uploads\/2019\/05\/04-IMG_8342-150x150.jpg\" class=\"attachment-thumbnail size-thumbnail\" alt=\"Florianitag 2019\" \/><\/a>\n\t\t\t<\/dt><\/dl><br style=\"clear: both\" \/><dl class='gallery-item'>\n\t\t\t<dt class='gallery-icon landscape'>\n\t\t\t\t<a data-elementor-open-lightbox=\"yes\" data-elementor-lightbox-slideshow=\"9d3bf05\" data-elementor-lightbox-title=\"Florianitag 2019\" data-e-action-hash=\"#elementor-action%3Aaction%3Dlightbox%26settings%3DeyJpZCI6NDIzLCJ1cmwiOiJodHRwOlwvXC93d3cuZmYta2lyY2hiZXJnLWFtLXdlY2hzZWwuYXRcL3dvcmRwcmVzc1wvd3AtY29udGVudFwvdXBsb2Fkc1wvMjAxOVwvMDVcLzA1LUlNR184MzM2LmpwZyIsInNsaWRlc2hvdyI6IjlkM2JmMDUifQ%3D%3D\" data-elementor-lightbox-description=\"Florianitag 2019\" href='http:\/\/www.ff-kirchberg-am-wechsel.at\/wordpress\/wp-content\/uploads\/2019\/05\/05-IMG_8336-1024x683.jpg' title=\"\" data-rl_title=\"\" class=\"rl-gallery-link\" data-rl_caption=\"\" data-rel=\"lightbox-gallery-1\"><img loading=\"lazy\" width=\"150\" height=\"150\" src=\"http:\/\/www.ff-kirchberg-am-wechsel.at\/wordpress\/wp-content\/uploads\/2019\/05\/05-IMG_8336-150x150.jpg\" class=\"attachment-thumbnail size-thumbnail\" alt=\"Florianitag 2019\" \/><\/a>\n\t\t\t<\/dt><\/dl><dl class='gallery-item'>\n\t\t\t<dt class='gallery-icon landscape'>\n\t\t\t\t<a data-elementor-open-lightbox=\"yes\" data-elementor-lightbox-slideshow=\"9d3bf05\" data-elementor-lightbox-title=\"Florianitag 2019\" data-e-action-hash=\"#elementor-action%3Aaction%3Dlightbox%26settings%3DeyJpZCI6NDI0LCJ1cmwiOiJodHRwOlwvXC93d3cuZmYta2lyY2hiZXJnLWFtLXdlY2hzZWwuYXRcL3dvcmRwcmVzc1wvd3AtY29udGVudFwvdXBsb2Fkc1wvMjAxOVwvMDVcLzA2LUlNR184MzQ0LmpwZyIsInNsaWRlc2hvdyI6IjlkM2JmMDUifQ%3D%3D\" data-elementor-lightbox-description=\"Florianitag 2019\" href='http:\/\/www.ff-kirchberg-am-wechsel.at\/wordpress\/wp-content\/uploads\/2019\/05\/06-IMG_8344-1024x686.jpg' title=\"\" data-rl_title=\"\" class=\"rl-gallery-link\" data-rl_caption=\"\" data-rel=\"lightbox-gallery-1\"><img loading=\"lazy\" width=\"150\" height=\"150\" src=\"http:\/\/www.ff-kirchberg-am-wechsel.at\/wordpress\/wp-content\/uploads\/2019\/05\/06-IMG_8344-150x150.jpg\" class=\"attachment-thumbnail size-thumbnail\" alt=\"Florianitag 2019\" \/><\/a>\n\t\t\t<\/dt><\/dl><dl class='gallery-item'>\n\t\t\t<dt class='gallery-icon landscape'>\n\t\t\t\t<a data-elementor-open-lightbox=\"yes\" data-elementor-lightbox-slideshow=\"9d3bf05\" data-elementor-lightbox-title=\"Florianitag 2019\" data-e-action-hash=\"#elementor-action%3Aaction%3Dlightbox%26settings%3DeyJpZCI6NDI1LCJ1cmwiOiJodHRwOlwvXC93d3cuZmYta2lyY2hiZXJnLWFtLXdlY2hzZWwuYXRcL3dvcmRwcmVzc1wvd3AtY29udGVudFwvdXBsb2Fkc1wvMjAxOVwvMDVcLzA3LUlNR184MzQ1LmpwZyIsInNsaWRlc2hvdyI6IjlkM2JmMDUifQ%3D%3D\" data-elementor-lightbox-description=\"Florianitag 2019\" href='http:\/\/www.ff-kirchberg-am-wechsel.at\/wordpress\/wp-content\/uploads\/2019\/05\/07-IMG_8345-1024x684.jpg' title=\"\" data-rl_title=\"\" class=\"rl-gallery-link\" data-rl_caption=\"\" data-rel=\"lightbox-gallery-1\"><img loading=\"lazy\" width=\"150\" height=\"150\" src=\"http:\/\/www.ff-kirchberg-am-wechsel.at\/wordpress\/wp-content\/uploads\/2019\/05\/07-IMG_8345-150x150.jpg\" class=\"attachment-thumbnail size-thumbnail\" alt=\"Florianitag 2019\" \/><\/a>\n\t\t\t<\/dt><\/dl><dl class='gallery-item'>\n\t\t\t<dt class='gallery-icon landscape'>\n\t\t\t\t<a data-elementor-open-lightbox=\"yes\" data-elementor-lightbox-slideshow=\"9d3bf05\" data-elementor-lightbox-title=\"Florianitag 2019\" data-e-action-hash=\"#elementor-action%3Aaction%3Dlightbox%26settings%3DeyJpZCI6NDI2LCJ1cmwiOiJodHRwOlwvXC93d3cuZmYta2lyY2hiZXJnLWFtLXdlY2hzZWwuYXRcL3dvcmRwcmVzc1wvd3AtY29udGVudFwvdXBsb2Fkc1wvMjAxOVwvMDVcLzA4LUlNR184MzU0LmpwZyIsInNsaWRlc2hvdyI6IjlkM2JmMDUifQ%3D%3D\" data-elementor-lightbox-description=\"Florianitag 2019\" href='http:\/\/www.ff-kirchberg-am-wechsel.at\/wordpress\/wp-content\/uploads\/2019\/05\/08-IMG_8354-1024x683.jpg' title=\"\" data-rl_title=\"\" class=\"rl-gallery-link\" data-rl_caption=\"\" data-rel=\"lightbox-gallery-1\"><img loading=\"lazy\" width=\"150\" height=\"150\" src=\"http:\/\/www.ff-kirchberg-am-wechsel.at\/wordpress\/wp-content\/uploads\/2019\/05\/08-IMG_8354-150x150.jpg\" class=\"attachment-thumbnail size-thumbnail\" alt=\"Florianitag 2019\" \/><\/a>\n\t\t\t<\/dt><\/dl><br style=\"clear: both\" \/><dl class='gallery-item'>\n\t\t\t<dt class='gallery-icon landscape'>\n\t\t\t\t<a data-elementor-open-lightbox=\"yes\" data-elementor-lightbox-slideshow=\"9d3bf05\" data-elementor-lightbox-title=\"Florianitag 2019\" data-e-action-hash=\"#elementor-action%3Aaction%3Dlightbox%26settings%3DeyJpZCI6NDI3LCJ1cmwiOiJodHRwOlwvXC93d3cuZmYta2lyY2hiZXJnLWFtLXdlY2hzZWwuYXRcL3dvcmRwcmVzc1wvd3AtY29udGVudFwvdXBsb2Fkc1wvMjAxOVwvMDVcLzA5LUlNR184MzU1LmpwZyIsInNsaWRlc2hvdyI6IjlkM2JmMDUifQ%3D%3D\" data-elementor-lightbox-description=\"Florianitag 2019\" href='http:\/\/www.ff-kirchberg-am-wechsel.at\/wordpress\/wp-content\/uploads\/2019\/05\/09-IMG_8355-1024x744.jpg' title=\"\" data-rl_title=\"\" class=\"rl-gallery-link\" data-rl_caption=\"\" data-rel=\"lightbox-gallery-1\"><img loading=\"lazy\" width=\"150\" height=\"150\" src=\"http:\/\/www.ff-kirchberg-am-wechsel.at\/wordpress\/wp-content\/uploads\/2019\/05\/09-IMG_8355-150x150.jpg\" class=\"attachment-thumbnail size-thumbnail\" alt=\"Florianitag 2019\" \/><\/a>\n\t\t\t<\/dt><\/dl><dl class='gallery-item'>\n\t\t\t<dt class='gallery-icon landscape'>\n\t\t\t\t<a data-elementor-open-lightbox=\"yes\" data-elementor-lightbox-slideshow=\"9d3bf05\" data-elementor-lightbox-title=\"Florianitag 2019\" data-e-action-hash=\"#elementor-action%3Aaction%3Dlightbox%26settings%3DeyJpZCI6NDI4LCJ1cmwiOiJodHRwOlwvXC93d3cuZmYta2lyY2hiZXJnLWFtLXdlY2hzZWwuYXRcL3dvcmRwcmVzc1wvd3AtY29udGVudFwvdXBsb2Fkc1wvMjAxOVwvMDVcLzEwLUlNR184MzUyLmpwZyIsInNsaWRlc2hvdyI6IjlkM2JmMDUifQ%3D%3D\" data-elementor-lightbox-description=\"Florianitag 2019\" href='http:\/\/www.ff-kirchberg-am-wechsel.at\/wordpress\/wp-content\/uploads\/2019\/05\/10-IMG_8352-1024x698.jpg' title=\"\" data-rl_title=\"\" class=\"rl-gallery-link\" data-rl_caption=\"\" data-rel=\"lightbox-gallery-1\"><img loading=\"lazy\" width=\"150\" height=\"150\" src=\"http:\/\/www.ff-kirchberg-am-wechsel.at\/wordpress\/wp-content\/uploads\/2019\/05\/10-IMG_8352-150x150.jpg\" class=\"attachment-thumbnail size-thumbnail\" alt=\"Florianitag 2019\" \/><\/a>\n\t\t\t<\/dt><\/dl><dl class='gallery-item'>\n\t\t\t<dt class='gallery-icon landscape'>\n\t\t\t\t<a data-elementor-open-lightbox=\"yes\" data-elementor-lightbox-slideshow=\"9d3bf05\" data-elementor-lightbox-title=\"Florianitag 2019\" data-e-action-hash=\"#elementor-action%3Aaction%3Dlightbox%26settings%3DeyJpZCI6NDI5LCJ1cmwiOiJodHRwOlwvXC93d3cuZmYta2lyY2hiZXJnLWFtLXdlY2hzZWwuYXRcL3dvcmRwcmVzc1wvd3AtY29udGVudFwvdXBsb2Fkc1wvMjAxOVwvMDVcLzExLUlNR184MzU5LmpwZyIsInNsaWRlc2hvdyI6IjlkM2JmMDUifQ%3D%3D\" data-elementor-lightbox-description=\"Florianitag 2019\" href='http:\/\/www.ff-kirchberg-am-wechsel.at\/wordpress\/wp-content\/uploads\/2019\/05\/11-IMG_8359-1024x683.jpg' title=\"\" data-rl_title=\"\" class=\"rl-gallery-link\" data-rl_caption=\"\" data-rel=\"lightbox-gallery-1\"><img loading=\"lazy\" width=\"150\" height=\"150\" src=\"http:\/\/www.ff-kirchberg-am-wechsel.at\/wordpress\/wp-content\/uploads\/2019\/05\/11-IMG_8359-150x150.jpg\" class=\"attachment-thumbnail size-thumbnail\" alt=\"Florianitag 2019\" \/><\/a>\n\t\t\t<\/dt><\/dl><dl class='gallery-item'>\n\t\t\t<dt class='gallery-icon landscape'>\n\t\t\t\t<a data-elementor-open-lightbox=\"yes\" data-elementor-lightbox-slideshow=\"9d3bf05\" data-elementor-lightbox-title=\"Florianitag 2019\" data-e-action-hash=\"#elementor-action%3Aaction%3Dlightbox%26settings%3DeyJpZCI6NDMwLCJ1cmwiOiJodHRwOlwvXC93d3cuZmYta2lyY2hiZXJnLWFtLXdlY2hzZWwuYXRcL3dvcmRwcmVzc1wvd3AtY29udGVudFwvdXBsb2Fkc1wvMjAxOVwvMDVcLzEyLUlNR184MzYwLmpwZyIsInNsaWRlc2hvdyI6IjlkM2JmMDUifQ%3D%3D\" data-elementor-lightbox-description=\"Florianitag 2019\" href='http:\/\/www.ff-kirchberg-am-wechsel.at\/wordpress\/wp-content\/uploads\/2019\/05\/12-IMG_8360-1024x681.jpg' title=\"\" data-rl_title=\"\" class=\"rl-gallery-link\" data-rl_caption=\"\" data-rel=\"lightbox-gallery-1\"><img loading=\"lazy\" width=\"150\" height=\"150\" src=\"http:\/\/www.ff-kirchberg-am-wechsel.at\/wordpress\/wp-content\/uploads\/2019\/05\/12-IMG_8360-150x150.jpg\" class=\"attachment-thumbnail size-thumbnail\" alt=\"Florianitag 2019\" \/><\/a>\n\t\t\t<\/dt><\/dl><br style=\"clear: both\" \/><dl class='gallery-item'>\n\t\t\t<dt class='gallery-icon landscape'>\n\t\t\t\t<a data-elementor-open-lightbox=\"yes\" data-elementor-lightbox-slideshow=\"9d3bf05\" data-elementor-lightbox-title=\"Florianitag 2019\" data-e-action-hash=\"#elementor-action%3Aaction%3Dlightbox%26settings%3DeyJpZCI6NDMxLCJ1cmwiOiJodHRwOlwvXC93d3cuZmYta2lyY2hiZXJnLWFtLXdlY2hzZWwuYXRcL3dvcmRwcmVzc1wvd3AtY29udGVudFwvdXBsb2Fkc1wvMjAxOVwvMDVcLzEzLUlNR184MzYxLmpwZyIsInNsaWRlc2hvdyI6IjlkM2JmMDUifQ%3D%3D\" data-elementor-lightbox-description=\"Florianitag 2019\" href='http:\/\/www.ff-kirchberg-am-wechsel.at\/wordpress\/wp-content\/uploads\/2019\/05\/13-IMG_8361-1024x683.jpg' title=\"\" data-rl_title=\"\" class=\"rl-gallery-link\" data-rl_caption=\"\" data-rel=\"lightbox-gallery-1\"><img loading=\"lazy\" width=\"150\" height=\"150\" src=\"http:\/\/www.ff-kirchberg-am-wechsel.at\/wordpress\/wp-content\/uploads\/2019\/05\/13-IMG_8361-150x150.jpg\" class=\"attachment-thumbnail size-thumbnail\" alt=\"Florianitag 2019\" \/><\/a>\n\t\t\t<\/dt><\/dl><dl class='gallery-item'>\n\t\t\t<dt class='gallery-icon landscape'>\n\t\t\t\t<a data-elementor-open-lightbox=\"yes\" data-elementor-lightbox-slideshow=\"9d3bf05\" data-elementor-lightbox-title=\"Florianitag 2019\" data-e-action-hash=\"#elementor-action%3Aaction%3Dlightbox%26settings%3DeyJpZCI6NDMyLCJ1cmwiOiJodHRwOlwvXC93d3cuZmYta2lyY2hiZXJnLWFtLXdlY2hzZWwuYXRcL3dvcmRwcmVzc1wvd3AtY29udGVudFwvdXBsb2Fkc1wvMjAxOVwvMDVcLzE0LUlNR184MzY2LTEuanBnIiwic2xpZGVzaG93IjoiOWQzYmYwNSJ9\" data-elementor-lightbox-description=\"Florianitag 2019\" href='http:\/\/www.ff-kirchberg-am-wechsel.at\/wordpress\/wp-content\/uploads\/2019\/05\/14-IMG_8366-1-1024x683.jpg' title=\"\" data-rl_title=\"\" class=\"rl-gallery-link\" data-rl_caption=\"\" data-rel=\"lightbox-gallery-1\"><img loading=\"lazy\" width=\"150\" height=\"150\" src=\"http:\/\/www.ff-kirchberg-am-wechsel.at\/wordpress\/wp-content\/uploads\/2019\/05\/14-IMG_8366-1-150x150.jpg\" class=\"attachment-thumbnail size-thumbnail\" alt=\"Florianitag 2019\" \/><\/a>\n\t\t\t<\/dt><\/dl>\n\t\t\t<br style='clear: both' \/>\n\t\t<\/div>\n\t\t<\/div>\n\t\t\t\t<\/div>\n\t\t\t\t<\/div>\n\t\t\t\t<div class=\"elementor-element elementor-element-4edadc1 elementor-widget elementor-widget-spacer\" data-id=\"4edadc1\" data-element_type=\"widget\" data-widget_type=\"spacer.default\">\n\t\t\t\t<div class=\"elementor-widget-container\">\n\t\t\t\t\t<div class=\"elementor-spacer\">\n\t\t\t<div class=\"elementor-spacer-inner\"><\/div>\n\t\t<\/div>\n\t\t\t\t<\/div>\n\t\t\t\t<\/div>\n\t\t\t\t<div class=\"elementor-element elementor-element-b8b95dc elementor-widget elementor-widget-text-editor\" data-id=\"b8b95dc\" data-element_type=\"widget\" data-widget_type=\"text-editor.default\">\n\t\t\t\t<div class=\"elementor-widget-container\">\n\t\t\t\t\t\t\t<p>Eine Neuerung gab es heuer beim traditionellen Florianitag. Allerdings nicht bei der Veranstaltung selbst, sondern beim Wetter. Wir hatten wirklich schon fast jedes Wetter, vom hellsten Sonnenschein bis zum Hagelsturm, allerdings auf Schneefall im Mai konnte sich niemand erinnern.<\/p><p>Im Rahmen des Festes unseres Schutzpatrons, konnten wir uns heuer \u00fcber sechs Angelobungen freuen. Erstmals seit der Gr\u00fcndung unserer Feuerwehrjugend im Jahr 2015, wurden im Vorjahr 4 Jungfeuerwehrmitglieder in den aktiven Feuerwehrdienst \u00fcberstellt. Michelle Renhofer, Alexander Baumgartner, Frederik Stangl und Julian Varga waren seit Beginn an dabei und konnten nun auch gemeinsam \u00fcberstellt werden. Zu ihnen dazu kommt mit Christian Tauchner auch ein Kamerad, der seine Ausbildung bei der FJ Otterthal absolvierte, da er bereits vor der Gr\u00fcndung unserer Feuerwehrjugend der Feuerwehr beigetreten ist. Als derzeit neuestes Mitglied konnte Patrick Kronaus angelobt werden, der direkt in den aktiven Dienst einsteigt. Zur feierlichen Angelobung gratulierten Kommandant Michael Morgenbesser, B\u00fcrgermeister Dr. Willibald Fuchs und Unterabschnittskommandant Hannes Sinabel. In seiner Ansprache kam Kommandant Morgenbesser auch auf jene Kameraden zu sprechen, die beim Abschnittsfeuerwehrtag in Aspang f\u00fcr ihre langj\u00e4hrige verdienstvolle T\u00e4tigkeit geehrt wurden. F\u00fcr 25-j\u00e4hrige Mitgliedschaft wurde Oberl\u00f6schmeister Manfred Jansohn ausgezeichnet, f\u00fcr 40-j\u00e4hrige Mitgliedschaft die Hauptfeuerwehrm\u00e4nner Peter R\u00f6\u00dfler, Peter Pichler, Franz Gansterer und Anton Kernegger, sowie Ehrenhauptl\u00f6schmeister Mathias Fuchs und Feuerwehrarzt Dr. Norbert Bauer ausgezeichnet.<\/p><p>Die Florianimesse wurde heuer von Pr\u00e4lat Franz Fahrner zelebriert. F\u00fcr das musikalische Programm w\u00e4hrend der Messe und beim anschlie\u00dfenden Fr\u00fchschoppen im Feuerwehrhaus sorgte das Original Dorf-Orkesta Wartmanstetten.<\/p>\t\t\t\t\t\t<\/div>\n\t\t\t\t<\/div>\n\t\t\t\t\t<\/div>\n\t\t<\/div>\n\t\t\t\t\t<\/div>\n\t\t<\/section>\n\t\t\t\t<section class=\"elementor-section elementor-top-section elementor-element elementor-element-468073e elementor-section-boxed elementor-section-height-default elementor-section-height-default\" data-id=\"468073e\" data-element_type=\"section\">\n\t\t\t\t\t\t<div class=\"elementor-container elementor-column-gap-default\">\n\t\t\t\t\t<div class=\"elementor-column elementor-col-100 elementor-top-column elementor-element elementor-element-844efe0\" data-id=\"844efe0\" data-element_type=\"column\">\n\t\t\t<div class=\"elementor-widget-wrap\">\n\t\t\t\t\t\t\t<\/div>\n\t\t<\/div>\n\t\t\t\t\t<\/div>\n\t\t<\/section>\n\t\t\t\t<\/div>\n\t\t","protected":false},"excerpt":{"rendered":"<p>Eine Neuerung gab es heuer beim traditionellen Florianitag. Allerdings nicht bei der Veranstaltung selbst, sondern beim Wetter. Wir hatten wirklich schon fast jedes Wetter, vom hellsten Sonnenschein bis zum Hagelsturm, allerdings auf Schneefall im Mai konnte sich niemand erinnern. Im&#8230; <a class=\"more-link\" href=\"http:\/\/www.ff-kirchberg-am-wechsel.at\/wordpress\/?p=954\">Weiterlesen &rarr;<\/a><\/p>\n","protected":false},"author":1,"featured_media":432,"comment_status":"closed","ping_status":"open","sticky":false,"template":"","format":"standard","meta":[],"categories":[11,8],"tags":[],"_links":{"self":[{"href":"http:\/\/www.ff-kirchberg-am-wechsel.at\/wordpress\/index.php?rest_route=\/wp\/v2\/posts\/954"}],"collection":[{"href":"http:\/\/www.ff-kirchberg-am-wechsel.at\/wordpress\/index.php?rest_route=\/wp\/v2\/posts"}],"about":[{"href":"http:\/\/www.ff-kirchberg-am-wechsel.at\/wordpress\/index.php?rest_route=\/wp\/v2\/types\/post"}],"author":[{"embeddable":true,"href":"http:\/\/www.ff-kirchberg-am-wechsel.at\/wordpress\/index.php?rest_route=\/wp\/v2\/users\/1"}],"replies":[{"embeddable":true,"href":"http:\/\/www.ff-kirchberg-am-wechsel.at\/wordpress\/index.php?rest_route=%2Fwp%2Fv2%2Fcomments&post=954"}],"version-history":[{"count":8,"href":"http:\/\/www.ff-kirchberg-am-wechsel.at\/wordpress\/index.php?rest_route=\/wp\/v2\/posts\/954\/revisions"}],"predecessor-version":[{"id":2155,"href":"http:\/\/www.ff-kirchberg-am-wechsel.at\/wordpress\/index.php?rest_route=\/wp\/v2\/posts\/954\/revisions\/2155"}],"wp:featuredmedia":[{"embeddable":true,"href":"http:\/\/www.ff-kirchberg-am-wechsel.at\/wordpress\/index.php?rest_route=\/wp\/v2\/media\/432"}],"wp:attachment":[{"href":"http:\/\/www.ff-kirchberg-am-wechsel.at\/wordpress\/index.php?rest_route=%2Fwp%2Fv2%2Fmedia&parent=954"}],"wp:term":[{"taxonomy":"category","embeddable":true,"href":"http:\/\/www.ff-kirchberg-am-wechsel.at\/wordpress\/index.php?rest_route=%2Fwp%2Fv2%2Fcategories&post=954"},{"taxonomy":"post_tag","embeddable":true,"href":"http:\/\/www.ff-kirchberg-am-wechsel.at\/wordpress\/index.php?rest_route=%2Fwp%2Fv2%2Ftags&post=954"}],"curies":[{"name":"wp","href":"https:\/\/api.w.org\/{rel}","templated":true}]}}